{"id":4630,"date":"2025-03-27T11:56:21","date_gmt":"2025-03-27T14:56:21","guid":{"rendered":"https:\/\/gobierno.udd.cl\/doctorado\/?p=4630"},"modified":"2025-03-27T11:56:22","modified_gmt":"2025-03-27T14:56:22","slug":"decano-gobierno-udd-el-exito-del-doctorado-en-complejidad-social-radica-en-su-formacion-interdisciplinaria-e-impacto-academico","status":"publish","type":"post","link":"https:\/\/gobierno.udd.cl\/dccs\/2025\/03\/27\/decano-gobierno-udd-el-exito-del-doctorado-en-complejidad-social-radica-en-su-formacion-interdisciplinaria-e-impacto-academico\/","title":{"rendered":"Decano Gobierno UDD: \u201cEl \u00e9xito del Doctorado en Complejidad Social radica en su formaci\u00f3n interdisciplinaria e impacto acad\u00e9mico\u201d"},"content":{"rendered":"\n<p><em>El nivel de excelencia de acreditaci\u00f3n obtenido por el DCCS no solo representa un reconocimiento a la excelencia acad\u00e9mica de la UDD, sino tambi\u00e9n un testimonio del arduo trabajo interdisciplinario que ha llevado al programa a posicionarse como un referente en el \u00e1mbito nacional e internacional. En esta entrevista, el decano Eugenio Guzm\u00e1n comparte los desaf\u00edos, logros y proyecciones del programa.<\/em><\/p>\n\n\n\n<p>El Doctorado en Ciencias de la Complejidad Social de la Facultad de Gobierno UDD, recibi\u00f3 siete a\u00f1os de acreditaci\u00f3n, convirti\u00e9ndose en el primer programa en hacerlo en cuatro \u00e1reas del conocimiento. Este reconocimiento consolida su prestigio y reafirma el compromiso de la UDD con la excelencia acad\u00e9mica.<\/p>\n\n\n\n<p>Con una mezcla de orgullo y satisfacci\u00f3n, el decano de la Facultad de Gobierno UDD, Eugenio Guzm\u00e1n, reflexiona sobre lo que significa para la facultad que el Doctorado en Ciencias de la Complejidad Social haya alcanzado esta destacada acreditaci\u00f3n y enfatiza que este logro representa mucho m\u00e1s que el cumplimiento de un est\u00e1ndar: \u00abYo dir\u00eda que es un reconocimiento a una d\u00e9cada de trabajo bien hecho, bien dise\u00f1ado y desarrollado por un equipo magn\u00edfico de personas. Han sabido coordinar cada una de sus \u00e1reas, manteniendo un sentido de equipo que ha sido clave para alcanzar este resultado. No solo han cumplido con las exigencias normativas, sino que tambi\u00e9n han demostrado un esfuerzo constante por mejorar cada instancia del programa, logrando un estatus de excelencia\u00bb, se\u00f1ala.<\/p>\n\n\n\n<p>Una de las caracter\u00edsticas relevantes de este doctorado es el impacto acad\u00e9mico que ha tenido el programa a trav\u00e9s de su productividad cient\u00edfica. Desde su dise\u00f1o, el doctorado ha fomentado la incorporaci\u00f3n de los doctorandos en procesos de investigaci\u00f3n colaborativa, lo que fortalece el prestigio del programa y promueve un ambiente acad\u00e9mico din\u00e1mico: \u00abEsto no solo fortalece el prestigio del programa, sino que tambi\u00e9n promueve un ambiente acad\u00e9mico en el que estudiantes e investigadores trabajan en conjunto desde el inicio\u00bb, se\u00f1ala el decano.<\/p>\n\n\n\n<p>Desde sus inicios, el programa ha promovido jornadas acad\u00e9micas y encuentros cient\u00edficos que fomentan el intercambio de ideas con j\u00f3venes doctorandos de otras instituciones. Este enfoque ha permitido generar redes de colaboraci\u00f3n que posicionan al doctorado en la comunidad cient\u00edfica nacional e internacional. Seg\u00fan Guzm\u00e1n, \u00abel programa ha sabido integrar a estudiantes e investigadores en actividades acad\u00e9micas significativas, fortaleciendo la vinculaci\u00f3n con otras instituciones\u00bb.<\/p>\n\n\n\n<p>Igualmente, Guzm\u00e1n recuerda que el inicio del doctorado fue un gran desaf\u00edo, asociado a un ambicioso proyecto de investigaci\u00f3n liderado por el Centro de Investigaci\u00f3n en Complejidad Social (CICS),adem\u00e1s del apoyo de rector\u00eda y las<\/p>\n\n\n\n<p>vicerrector\u00edas: \u00abEl inicio fue un desaf\u00edo asociado a un gran proyecto de investigaci\u00f3n, y con el tiempo, logramos una primera acreditaci\u00f3n de 5 a\u00f1os antes de cumplir ese plazo de funcionamiento, lo que reflej\u00f3 el buen nivel de calidad que ya presentaba el programa\u00bb, comenta.<\/p>\n\n\n\n<p>En cuanto a los desaf\u00edos enfrentados en los primeros a\u00f1os, el Decano menciona que el principal reto fue dise\u00f1ar un programa interdisciplinario que ofreciera un aporte \u00fanico al contexto nacional. Para ello, el equipo se inspir\u00f3 en modelos internacionales de alta excelencia, como el Santa Fe Institute en Estados Unidos, adoptando pr\u00e1cticas que consolidaron el car\u00e1cter innovador del doctorado.<\/p>\n\n\n\n<p><strong>Enfoque interdisciplinario<\/strong><\/p>\n\n\n\n<p>Un aspecto que distingue a este doctorado de otros programas es su enfoque interdisciplinario. Guzm\u00e1n destaca que no se trata \u00fanicamente de contar con personas provenientes de distintas disciplinas, sino de combinar metodolog\u00edas y enfoques para analizar problemas complejos de la sociedad actual. Seg\u00fan el decano, es fundamental contar con especialistas que colaboren e interact\u00faen para enfrentar los desaf\u00edos contempor\u00e1neos: \u00abLa interdisciplina no solo enriquece el proceso formativo, sino que tambi\u00e9n permite abordar los problemas desde perspectivas diversas y complementarias\u00bb, afirma.<\/p>\n\n\n\n<p>Este reconocimiento, adem\u00e1s, destaca el posicionamiento de la UDD en el \u00e1mbito acad\u00e9mico nacional e internacional. Guzm\u00e1n explica que este logro refleja el posicionamiento de excelencia que ha alcanzado la universidad en sus 35 a\u00f1os de trayectoria: \u00abLa UDD ha demostrado su vocaci\u00f3n por mejorar continuamente los procesos educativos y administrativos, proporcionando recursos financieros, humanos, normativos y log\u00edsticos que garantizan el \u00e9xito de programas como este doctorado\u00bb.<\/p>\n\n\n\n<p>Pero m\u00e1s all\u00e1 del prestigio institucional, el doctorado representa un aporte concreto al desarrollo del pa\u00eds. La interdisciplina que caracteriza al programa permite abordar problemas reales y ofrecer soluciones innovadoras para desaf\u00edos contempor\u00e1neos. Guzm\u00e1n resalta que el doctorado responde a necesidades pr\u00e1cticas, contribuyendo con conocimientos aplicables a pol\u00edticas p\u00fablicas y bienestar social.<\/p>\n\n\n\n<p>Finalmente, Guzm\u00e1n reflexiona sobre las proyecciones del doctorado, destacando la aspiraci\u00f3n de alcanzar la m\u00e1xima cantidad de a\u00f1os de acreditaci\u00f3n en el futuro, manteniendo una revisi\u00f3n constante de los procesos acad\u00e9micos y fortaleciendo las redes internacionales: \u00abNuestro objetivo es seguir perfeccionando cada aspecto del programa, garantizando la calidad y la pertinencia de los contenidos, al tiempo que ampliamos nuestras redes internacionales para seguir proyect\u00e1ndonos en el \u00e1mbito acad\u00e9mico global\u00bb.<\/p>\n\n\n\n<p>De esta manera, el Doctorado en Ciencias de la Complejidad Social de la UDD contin\u00faa posicion\u00e1ndose como un referente de excelencia acad\u00e9mica, combinando la rigurosidad investigativa con un enfoque interdisciplinario que responde a los desaf\u00edos de la sociedad contempor\u00e1nea.<\/p>\n\n\n\n<figure class=\"wp-block-embed is-type-video is-provider-youtube wp-block-embed-youtube wp-embed-aspect-16-9 wp-has-aspect-ratio\"><div class=\"wp-block-embed__wrapper\">\n<iframe loading=\"lazy\" title=\"\u00a1Doctorado en Ciencias de la Complejidad Social acreditado por 7 an\u0303os!\" width=\"500\" height=\"281\" src=\"https:\/\/www.youtube.com\/embed\/rk-X8cqKvQk?feature=oembed\" frameborder=\"0\" allow=\"accelerometer; autoplay; clipboard-write; encrypted-media; gyroscope; picture-in-picture; web-share\" referrerpolicy=\"strict-origin-when-cross-origin\" allowfullscreen><\/iframe>\n<\/div><\/figure>\n","protected":false},"excerpt":{"rendered":"<p>El nivel de excelencia de acreditaci\u00f3n obtenido por el DCCS no solo representa un reconocimiento a la excelencia acad\u00e9mica de la UDD, sino tambi\u00e9n un testimonio del arduo trabajo interdisciplinario que ha llevado al programa a posicionarse como un referente en el \u00e1mbito nacional e internacional. En esta entrevista, el decano Eugenio Guzm\u00e1n comparte los [&hellip;]<\/p>\n","protected":false},"author":9192236,"featured_media":4631,"comment_status":"closed","ping_status":"open","sticky":false,"template":"","format":"standard","meta":{"footnotes":""},"categories":[1672],"tags":[],"class_list":["post-4630","post","type-post","status-publish","format-standard","has-post-thumbnail","hentry","category-acreditacion"],"yoast_head":"<!-- This site is optimized with the Yoast SEO plugin v26.9 - https:\/\/yoast.com\/product\/yoast-seo-wordpress\/ -->\n<title>Decano Gobierno UDD: \u201cEl \u00e9xito del Doctorado en Complejidad Social radica en su formaci\u00f3n interdisciplinaria e impacto acad\u00e9mico\u201d - Doctorado en Ciencias de la Complejidad Social<\/title>\n<meta name=\"robots\" content=\"index, follow, max-snippet:-1, max-image-preview:large, max-video-preview:-1\" \/>\n<link rel=\"canonical\" href=\"https:\/\/gobierno.udd.cl\/dccs\/2025\/03\/27\/decano-gobierno-udd-el-exito-del-doctorado-en-complejidad-social-radica-en-su-formacion-interdisciplinaria-e-impacto-academico\/\" \/>\n<meta property=\"og:locale\" content=\"es_ES\" \/>\n<meta property=\"og:type\" content=\"article\" \/>\n<meta property=\"og:title\" content=\"Decano Gobierno UDD: \u201cEl \u00e9xito del Doctorado en Complejidad Social radica en su formaci\u00f3n interdisciplinaria e impacto acad\u00e9mico\u201d - Doctorado en Ciencias de la Complejidad Social\" \/>\n<meta property=\"og:description\" content=\"El nivel de excelencia de acreditaci\u00f3n obtenido por el DCCS no solo representa un reconocimiento a la excelencia acad\u00e9mica de la UDD, sino tambi\u00e9n un testimonio del arduo trabajo interdisciplinario que ha llevado al programa a posicionarse como un referente en el \u00e1mbito nacional e internacional. En esta entrevista, el decano Eugenio Guzm\u00e1n comparte los [&hellip;]\" \/>\n<meta property=\"og:url\" content=\"https:\/\/gobierno.udd.cl\/dccs\/2025\/03\/27\/decano-gobierno-udd-el-exito-del-doctorado-en-complejidad-social-radica-en-su-formacion-interdisciplinaria-e-impacto-academico\/\" \/>\n<meta property=\"og:site_name\" content=\"Doctorado en Ciencias de la Complejidad Social\" \/>\n<meta property=\"article:published_time\" content=\"2025-03-27T14:56:21+00:00\" \/>\n<meta property=\"article:modified_time\" content=\"2025-03-27T14:56:22+00:00\" \/>\n<meta property=\"og:image\" content=\"https:\/\/gobierno.udd.cl\/dccs\/files\/2025\/03\/image.png\" \/>\n\t<meta property=\"og:image:width\" content=\"936\" \/>\n\t<meta property=\"og:image:height\" content=\"532\" \/>\n\t<meta property=\"og:image:type\" content=\"image\/png\" \/>\n<meta name=\"author\" content=\"ccararo\" \/>\n<meta name=\"twitter:card\" content=\"summary_large_image\" \/>\n<meta name=\"twitter:label1\" content=\"Escrito por\" \/>\n\t<meta name=\"twitter:data1\" content=\"ccararo\" \/>\n\t<meta name=\"twitter:label2\" content=\"Tiempo de lectura\" \/>\n\t<meta name=\"twitter:data2\" content=\"5 minutos\" \/>\n<script type=\"application\/ld+json\" class=\"yoast-schema-graph\">{\"@context\":\"https:\/\/schema.org\",\"@graph\":[{\"@type\":\"Article\",\"@id\":\"https:\/\/gobierno.udd.cl\/dccs\/2025\/03\/27\/decano-gobierno-udd-el-exito-del-doctorado-en-complejidad-social-radica-en-su-formacion-interdisciplinaria-e-impacto-academico\/#article\",\"isPartOf\":{\"@id\":\"https:\/\/gobierno.udd.cl\/dccs\/2025\/03\/27\/decano-gobierno-udd-el-exito-del-doctorado-en-complejidad-social-radica-en-su-formacion-interdisciplinaria-e-impacto-academico\/\"},\"author\":{\"name\":\"ccararo\",\"@id\":\"https:\/\/gobierno.udd.cl\/dccs\/#\/schema\/person\/9d509bb16e7d8299d075f0e90b5d7d00\"},\"headline\":\"Decano Gobierno UDD: \u201cEl \u00e9xito del Doctorado en Complejidad Social radica en su formaci\u00f3n interdisciplinaria e impacto acad\u00e9mico\u201d\",\"datePublished\":\"2025-03-27T14:56:21+00:00\",\"dateModified\":\"2025-03-27T14:56:22+00:00\",\"mainEntityOfPage\":{\"@id\":\"https:\/\/gobierno.udd.cl\/dccs\/2025\/03\/27\/decano-gobierno-udd-el-exito-del-doctorado-en-complejidad-social-radica-en-su-formacion-interdisciplinaria-e-impacto-academico\/\"},\"wordCount\":945,\"image\":{\"@id\":\"https:\/\/gobierno.udd.cl\/dccs\/2025\/03\/27\/decano-gobierno-udd-el-exito-del-doctorado-en-complejidad-social-radica-en-su-formacion-interdisciplinaria-e-impacto-academico\/#primaryimage\"},\"thumbnailUrl\":\"https:\/\/gobierno.udd.cl\/dccs\/files\/2025\/03\/image.png\",\"articleSection\":[\"Acreditacion\"],\"inLanguage\":\"es\"},{\"@type\":\"WebPage\",\"@id\":\"https:\/\/gobierno.udd.cl\/dccs\/2025\/03\/27\/decano-gobierno-udd-el-exito-del-doctorado-en-complejidad-social-radica-en-su-formacion-interdisciplinaria-e-impacto-academico\/\",\"url\":\"https:\/\/gobierno.udd.cl\/dccs\/2025\/03\/27\/decano-gobierno-udd-el-exito-del-doctorado-en-complejidad-social-radica-en-su-formacion-interdisciplinaria-e-impacto-academico\/\",\"name\":\"Decano Gobierno UDD: \u201cEl \u00e9xito del Doctorado en Complejidad Social radica en su formaci\u00f3n interdisciplinaria e impacto acad\u00e9mico\u201d - Doctorado en Ciencias de la Complejidad Social\",\"isPartOf\":{\"@id\":\"https:\/\/gobierno.udd.cl\/dccs\/#website\"},\"primaryImageOfPage\":{\"@id\":\"https:\/\/gobierno.udd.cl\/dccs\/2025\/03\/27\/decano-gobierno-udd-el-exito-del-doctorado-en-complejidad-social-radica-en-su-formacion-interdisciplinaria-e-impacto-academico\/#primaryimage\"},\"image\":{\"@id\":\"https:\/\/gobierno.udd.cl\/dccs\/2025\/03\/27\/decano-gobierno-udd-el-exito-del-doctorado-en-complejidad-social-radica-en-su-formacion-interdisciplinaria-e-impacto-academico\/#primaryimage\"},\"thumbnailUrl\":\"https:\/\/gobierno.udd.cl\/dccs\/files\/2025\/03\/image.png\",\"datePublished\":\"2025-03-27T14:56:21+00:00\",\"dateModified\":\"2025-03-27T14:56:22+00:00\",\"author\":{\"@id\":\"https:\/\/gobierno.udd.cl\/dccs\/#\/schema\/person\/9d509bb16e7d8299d075f0e90b5d7d00\"},\"breadcrumb\":{\"@id\":\"https:\/\/gobierno.udd.cl\/dccs\/2025\/03\/27\/decano-gobierno-udd-el-exito-del-doctorado-en-complejidad-social-radica-en-su-formacion-interdisciplinaria-e-impacto-academico\/#breadcrumb\"},\"inLanguage\":\"es\",\"potentialAction\":[{\"@type\":\"ReadAction\",\"target\":[\"https:\/\/gobierno.udd.cl\/dccs\/2025\/03\/27\/decano-gobierno-udd-el-exito-del-doctorado-en-complejidad-social-radica-en-su-formacion-interdisciplinaria-e-impacto-academico\/\"]}]},{\"@type\":\"ImageObject\",\"inLanguage\":\"es\",\"@id\":\"https:\/\/gobierno.udd.cl\/dccs\/2025\/03\/27\/decano-gobierno-udd-el-exito-del-doctorado-en-complejidad-social-radica-en-su-formacion-interdisciplinaria-e-impacto-academico\/#primaryimage\",\"url\":\"https:\/\/gobierno.udd.cl\/dccs\/files\/2025\/03\/image.png\",\"contentUrl\":\"https:\/\/gobierno.udd.cl\/dccs\/files\/2025\/03\/image.png\",\"width\":936,\"height\":532},{\"@type\":\"BreadcrumbList\",\"@id\":\"https:\/\/gobierno.udd.cl\/dccs\/2025\/03\/27\/decano-gobierno-udd-el-exito-del-doctorado-en-complejidad-social-radica-en-su-formacion-interdisciplinaria-e-impacto-academico\/#breadcrumb\",\"itemListElement\":[{\"@type\":\"ListItem\",\"position\":1,\"name\":\"Portada\",\"item\":\"https:\/\/gobierno.udd.cl\/dccs\/\"},{\"@type\":\"ListItem\",\"position\":2,\"name\":\"Decano Gobierno UDD: \u201cEl \u00e9xito del Doctorado en Complejidad Social radica en su formaci\u00f3n interdisciplinaria e impacto acad\u00e9mico\u201d\"}]},{\"@type\":\"WebSite\",\"@id\":\"https:\/\/gobierno.udd.cl\/dccs\/#website\",\"url\":\"https:\/\/gobierno.udd.cl\/dccs\/\",\"name\":\"Doctorado en Ciencias de la Complejidad Social\",\"description\":\"Centro de Investigaci\u00f3n en Complejidad Social | UDD\",\"inLanguage\":\"es\"},{\"@type\":\"Person\",\"@id\":\"https:\/\/gobierno.udd.cl\/dccs\/#\/schema\/person\/9d509bb16e7d8299d075f0e90b5d7d00\",\"name\":\"ccararo\",\"image\":{\"@type\":\"ImageObject\",\"inLanguage\":\"es\",\"@id\":\"https:\/\/gobierno.udd.cl\/dccs\/#\/schema\/person\/image\/\",\"url\":\"https:\/\/secure.gravatar.com\/avatar\/fe809aec6c8a49b41db481a62d9671eec512578ac25cf41f7420b8069513828c?s=96&d=mm&r=g\",\"contentUrl\":\"https:\/\/secure.gravatar.com\/avatar\/fe809aec6c8a49b41db481a62d9671eec512578ac25cf41f7420b8069513828c?s=96&d=mm&r=g\",\"caption\":\"ccararo\"},\"url\":\"https:\/\/gobierno.udd.cl\/dccs\/author\/ccararo\/\"}]}<\/script>\n<!-- \/ Yoast SEO plugin. -->","yoast_head_json":{"title":"Decano Gobierno UDD: \u201cEl \u00e9xito del Doctorado en Complejidad Social radica en su formaci\u00f3n interdisciplinaria e impacto acad\u00e9mico\u201d - Doctorado en Ciencias de la Complejidad Social","robots":{"index":"index","follow":"follow","max-snippet":"max-snippet:-1","max-image-preview":"max-image-preview:large","max-video-preview":"max-video-preview:-1"},"canonical":"https:\/\/gobierno.udd.cl\/dccs\/2025\/03\/27\/decano-gobierno-udd-el-exito-del-doctorado-en-complejidad-social-radica-en-su-formacion-interdisciplinaria-e-impacto-academico\/","og_locale":"es_ES","og_type":"article","og_title":"Decano Gobierno UDD: \u201cEl \u00e9xito del Doctorado en Complejidad Social radica en su formaci\u00f3n interdisciplinaria e impacto acad\u00e9mico\u201d - Doctorado en Ciencias de la Complejidad Social","og_description":"El nivel de excelencia de acreditaci\u00f3n obtenido por el DCCS no solo representa un reconocimiento a la excelencia acad\u00e9mica de la UDD, sino tambi\u00e9n un testimonio del arduo trabajo interdisciplinario que ha llevado al programa a posicionarse como un referente en el \u00e1mbito nacional e internacional. En esta entrevista, el decano Eugenio Guzm\u00e1n comparte los [&hellip;]","og_url":"https:\/\/gobierno.udd.cl\/dccs\/2025\/03\/27\/decano-gobierno-udd-el-exito-del-doctorado-en-complejidad-social-radica-en-su-formacion-interdisciplinaria-e-impacto-academico\/","og_site_name":"Doctorado en Ciencias de la Complejidad Social","article_published_time":"2025-03-27T14:56:21+00:00","article_modified_time":"2025-03-27T14:56:22+00:00","og_image":[{"width":936,"height":532,"url":"https:\/\/gobierno.udd.cl\/dccs\/files\/2025\/03\/image.png","type":"image\/png"}],"author":"ccararo","twitter_card":"summary_large_image","twitter_misc":{"Escrito por":"ccararo","Tiempo de lectura":"5 minutos"},"schema":{"@context":"https:\/\/schema.org","@graph":[{"@type":"Article","@id":"https:\/\/gobierno.udd.cl\/dccs\/2025\/03\/27\/decano-gobierno-udd-el-exito-del-doctorado-en-complejidad-social-radica-en-su-formacion-interdisciplinaria-e-impacto-academico\/#article","isPartOf":{"@id":"https:\/\/gobierno.udd.cl\/dccs\/2025\/03\/27\/decano-gobierno-udd-el-exito-del-doctorado-en-complejidad-social-radica-en-su-formacion-interdisciplinaria-e-impacto-academico\/"},"author":{"name":"ccararo","@id":"https:\/\/gobierno.udd.cl\/dccs\/#\/schema\/person\/9d509bb16e7d8299d075f0e90b5d7d00"},"headline":"Decano Gobierno UDD: \u201cEl \u00e9xito del Doctorado en Complejidad Social radica en su formaci\u00f3n interdisciplinaria e impacto acad\u00e9mico\u201d","datePublished":"2025-03-27T14:56:21+00:00","dateModified":"2025-03-27T14:56:22+00:00","mainEntityOfPage":{"@id":"https:\/\/gobierno.udd.cl\/dccs\/2025\/03\/27\/decano-gobierno-udd-el-exito-del-doctorado-en-complejidad-social-radica-en-su-formacion-interdisciplinaria-e-impacto-academico\/"},"wordCount":945,"image":{"@id":"https:\/\/gobierno.udd.cl\/dccs\/2025\/03\/27\/decano-gobierno-udd-el-exito-del-doctorado-en-complejidad-social-radica-en-su-formacion-interdisciplinaria-e-impacto-academico\/#primaryimage"},"thumbnailUrl":"https:\/\/gobierno.udd.cl\/dccs\/files\/2025\/03\/image.png","articleSection":["Acreditacion"],"inLanguage":"es"},{"@type":"WebPage","@id":"https:\/\/gobierno.udd.cl\/dccs\/2025\/03\/27\/decano-gobierno-udd-el-exito-del-doctorado-en-complejidad-social-radica-en-su-formacion-interdisciplinaria-e-impacto-academico\/","url":"https:\/\/gobierno.udd.cl\/dccs\/2025\/03\/27\/decano-gobierno-udd-el-exito-del-doctorado-en-complejidad-social-radica-en-su-formacion-interdisciplinaria-e-impacto-academico\/","name":"Decano Gobierno UDD: \u201cEl \u00e9xito del Doctorado en Complejidad Social radica en su formaci\u00f3n interdisciplinaria e impacto acad\u00e9mico\u201d - Doctorado en Ciencias de la Complejidad Social","isPartOf":{"@id":"https:\/\/gobierno.udd.cl\/dccs\/#website"},"primaryImageOfPage":{"@id":"https:\/\/gobierno.udd.cl\/dccs\/2025\/03\/27\/decano-gobierno-udd-el-exito-del-doctorado-en-complejidad-social-radica-en-su-formacion-interdisciplinaria-e-impacto-academico\/#primaryimage"},"image":{"@id":"https:\/\/gobierno.udd.cl\/dccs\/2025\/03\/27\/decano-gobierno-udd-el-exito-del-doctorado-en-complejidad-social-radica-en-su-formacion-interdisciplinaria-e-impacto-academico\/#primaryimage"},"thumbnailUrl":"https:\/\/gobierno.udd.cl\/dccs\/files\/2025\/03\/image.png","datePublished":"2025-03-27T14:56:21+00:00","dateModified":"2025-03-27T14:56:22+00:00","author":{"@id":"https:\/\/gobierno.udd.cl\/dccs\/#\/schema\/person\/9d509bb16e7d8299d075f0e90b5d7d00"},"breadcrumb":{"@id":"https:\/\/gobierno.udd.cl\/dccs\/2025\/03\/27\/decano-gobierno-udd-el-exito-del-doctorado-en-complejidad-social-radica-en-su-formacion-interdisciplinaria-e-impacto-academico\/#breadcrumb"},"inLanguage":"es","potentialAction":[{"@type":"ReadAction","target":["https:\/\/gobierno.udd.cl\/dccs\/2025\/03\/27\/decano-gobierno-udd-el-exito-del-doctorado-en-complejidad-social-radica-en-su-formacion-interdisciplinaria-e-impacto-academico\/"]}]},{"@type":"ImageObject","inLanguage":"es","@id":"https:\/\/gobierno.udd.cl\/dccs\/2025\/03\/27\/decano-gobierno-udd-el-exito-del-doctorado-en-complejidad-social-radica-en-su-formacion-interdisciplinaria-e-impacto-academico\/#primaryimage","url":"https:\/\/gobierno.udd.cl\/dccs\/files\/2025\/03\/image.png","contentUrl":"https:\/\/gobierno.udd.cl\/dccs\/files\/2025\/03\/image.png","width":936,"height":532},{"@type":"BreadcrumbList","@id":"https:\/\/gobierno.udd.cl\/dccs\/2025\/03\/27\/decano-gobierno-udd-el-exito-del-doctorado-en-complejidad-social-radica-en-su-formacion-interdisciplinaria-e-impacto-academico\/#breadcrumb","itemListElement":[{"@type":"ListItem","position":1,"name":"Portada","item":"https:\/\/gobierno.udd.cl\/dccs\/"},{"@type":"ListItem","position":2,"name":"Decano Gobierno UDD: \u201cEl \u00e9xito del Doctorado en Complejidad Social radica en su formaci\u00f3n interdisciplinaria e impacto acad\u00e9mico\u201d"}]},{"@type":"WebSite","@id":"https:\/\/gobierno.udd.cl\/dccs\/#website","url":"https:\/\/gobierno.udd.cl\/dccs\/","name":"Doctorado en Ciencias de la Complejidad Social","description":"Centro de Investigaci\u00f3n en Complejidad Social | UDD","inLanguage":"es"},{"@type":"Person","@id":"https:\/\/gobierno.udd.cl\/dccs\/#\/schema\/person\/9d509bb16e7d8299d075f0e90b5d7d00","name":"ccararo","image":{"@type":"ImageObject","inLanguage":"es","@id":"https:\/\/gobierno.udd.cl\/dccs\/#\/schema\/person\/image\/","url":"https:\/\/secure.gravatar.com\/avatar\/fe809aec6c8a49b41db481a62d9671eec512578ac25cf41f7420b8069513828c?s=96&d=mm&r=g","contentUrl":"https:\/\/secure.gravatar.com\/avatar\/fe809aec6c8a49b41db481a62d9671eec512578ac25cf41f7420b8069513828c?s=96&d=mm&r=g","caption":"ccararo"},"url":"https:\/\/gobierno.udd.cl\/dccs\/author\/ccararo\/"}]}},"featured_image_url":"https:\/\/gobierno.udd.cl\/dccs\/files\/2025\/03\/image.png","_links":{"self":[{"href":"https:\/\/gobierno.udd.cl\/dccs\/wp-json\/wp\/v2\/posts\/4630","targetHints":{"allow":["GET"]}}],"collection":[{"href":"https:\/\/gobierno.udd.cl\/dccs\/wp-json\/wp\/v2\/posts"}],"about":[{"href":"https:\/\/gobierno.udd.cl\/dccs\/wp-json\/wp\/v2\/types\/post"}],"author":[{"embeddable":true,"href":"https:\/\/gobierno.udd.cl\/dccs\/wp-json\/wp\/v2\/users\/9192236"}],"replies":[{"embeddable":true,"href":"https:\/\/gobierno.udd.cl\/dccs\/wp-json\/wp\/v2\/comments?post=4630"}],"version-history":[{"count":1,"href":"https:\/\/gobierno.udd.cl\/dccs\/wp-json\/wp\/v2\/posts\/4630\/revisions"}],"predecessor-version":[{"id":4632,"href":"https:\/\/gobierno.udd.cl\/dccs\/wp-json\/wp\/v2\/posts\/4630\/revisions\/4632"}],"wp:featuredmedia":[{"embeddable":true,"href":"https:\/\/gobierno.udd.cl\/dccs\/wp-json\/wp\/v2\/media\/4631"}],"wp:attachment":[{"href":"https:\/\/gobierno.udd.cl\/dccs\/wp-json\/wp\/v2\/media?parent=4630"}],"wp:term":[{"taxonomy":"category","embeddable":true,"href":"https:\/\/gobierno.udd.cl\/dccs\/wp-json\/wp\/v2\/categories?post=4630"},{"taxonomy":"post_tag","embeddable":true,"href":"https:\/\/gobierno.udd.cl\/dccs\/wp-json\/wp\/v2\/tags?post=4630"}],"curies":[{"name":"wp","href":"https:\/\/api.w.org\/{rel}","templated":true}]}}