{"id":4628,"date":"2025-03-27T11:54:17","date_gmt":"2025-03-27T14:54:17","guid":{"rendered":"https:\/\/gobierno.udd.cl\/doctorado\/?p=4628"},"modified":"2025-03-27T11:54:17","modified_gmt":"2025-03-27T14:54:17","slug":"doctorado-en-ciencias-de-la-complejidad-social-de-la-udd-un-referente-nacional-de-excelencia-interdisciplinaria","status":"publish","type":"post","link":"https:\/\/gobierno.udd.cl\/dccs\/2025\/03\/27\/doctorado-en-ciencias-de-la-complejidad-social-de-la-udd-un-referente-nacional-de-excelencia-interdisciplinaria\/","title":{"rendered":"Doctorado en Ciencias de la Complejidad Social de la UDD: Un referente nacional de excelencia interdisciplinaria"},"content":{"rendered":"\n<p><em>El doctorado se inici\u00f3 en 2013 bajo el respaldo del Centro de Investigaci\u00f3n en Complejidad Social (CICS). A m\u00e1s de una d\u00e9cada de su creaci\u00f3n, el programa ha formado a 18 doctores y cuenta con un claustro acad\u00e9mico que ha producido m\u00e1s de 180 art\u00edculos cient\u00edficos, consolid\u00e1ndose como un referente en investigaci\u00f3n interdisciplinaria en Chile.<\/em><\/p>\n\n\n\n<p>El Doctorado en Ciencias de la Complejidad Social (DCCS) de la Universidad del Desarrollo ha alcanzado un importante hito tras once a\u00f1os de historia: obtuvo siete a\u00f1os de acreditaci\u00f3n por parte de la Comisi\u00f3n Nacional de Acreditaci\u00f3n (CNA). Este logro posiciona al DCCS como un programa de excelencia y lo convierte en el primer doctorado a nivel nacional acreditado en cuatro \u00e1reas: ingenier\u00eda, psicolog\u00eda, econom\u00eda y ciencias sociales.<\/p>\n\n\n\n<p>\u201cEl doctorado destaca por su formaci\u00f3n interdisciplinaria\u201d, afirma el decano de la Facultad de Gobierno UDD, Eugenio Guzm\u00e1n. \u201cNo solamente se trata de integrar personas provenientes de distintas disciplinas, que es una condici\u00f3n necesaria, sino que requiere precisamente que se combinen metodolog\u00edas; enfoques, y al momento de analizar los distintos problemas de la sociedad actual, se evidencia la necesidad de un trabajo con diversos especialistas, que colaboren e interact\u00faen\u201d, explica.<\/p>\n\n\n\n<p>En esta misma l\u00ednea, el director del Centro de Investigaci\u00f3n en Complejidad Social, Carlos Rodr\u00edguez-Sickert, se\u00f1ala \u201ccomo bien promov\u00eda Alexander Von Humboldt, la ciencia no debe fragmentarse en compartimentos estancos, sino que debe ser un entramado de conocimiento interconectado. En un contexto en el que la tendencia ha sido la especializaci\u00f3n extrema, el DCCS se posiciona como un espacio donde convergen distintas tradiciones cient\u00edficas para entender los sistemas sociales en su complejidad\u201d.<\/p>\n\n\n\n<p>Este reconocimiento es un hito para la Universidad del Desarrollo y para la ciencia interdisciplinaria en Chile, afirma el investigador, enfatizando que el ser el \u00fanico programa en Chile acreditado en estas cuatro \u00e1reas refleja la madurez y solidez del modelo formativo del doctorado, que ha demostrado el m\u00e1s alto nivel en cada una de sus dimensiones evaluadas.<\/p>\n\n\n\n<p>Un recorrido de consolidaci\u00f3n y excelencia<\/p>\n\n\n\n<p>El DCCS naci\u00f3 el 2013 con el prop\u00f3sito de formar doctores capaces de comprender fen\u00f3menos sociales complejos a trav\u00e9s de un enfoque interdisciplinario que integra ciencias naturales y sociales. Desde sus inicios, el programa se propuso ser pionero en la formaci\u00f3n de investigadores que cruzaran las fronteras disciplinarias, incorporando herramientas provenientes de la ingenier\u00eda, la psicolog\u00eda, la econom\u00eda y las ciencias sociales para abordar los problemas contempor\u00e1neos.<\/p>\n\n\n\n<p>\u201cEn su inicio, el gran desaf\u00edo fue definir qu\u00e9 puede la universidad ofrecerle a la sociedad chilena y al mundo acad\u00e9mico, que no haya sido abordado de manera muy profunda en el pa\u00eds\u201d, recuerda el decano de Gobierno UDD. As\u00ed, definieron desarrollar un programa interdisciplinario, para lo cual investigaron a nivel internacional distintos proyectos acad\u00e9micos, curr\u00edculum y enfoques, que los inspiraron para definir un programa propio y de alta excelencia.<\/p>\n\n\n\n<p>En el a\u00f1o 2019, el doctorado se present\u00f3 por primera vez a un proceso de acreditaci\u00f3n, evalu\u00e1ndose su funcionamiento durante el per\u00edodo 2014-2018. La Comisi\u00f3n Nacional de Acreditaci\u00f3n le otorg\u00f3 una acreditaci\u00f3n de cinco a\u00f1os, consolid\u00e1ndose de esta manera, como un programa de car\u00e1cter interdisciplinario ya que involucr\u00f3 la evaluaci\u00f3n de los miembros del claustro en cuatro \u00e1reas: econom\u00eda, ciencias sociales, psicolog\u00eda e ingenier\u00eda, convirti\u00e9ndose en el primer doctorado con esa cantidad de \u00e1reas acreditadas.<\/p>\n\n\n\n<p>Desde entonces, el doctorado ha trabajado sistem\u00e1ticamente para desarrollar e incrementar sus fortalezas, adem\u00e1s de enfrentar los desaf\u00edos identificados, logrando en este nuevo proceso de acreditaci\u00f3n una validaci\u00f3n que se extiende hasta el a\u00f1o 2032, con siete a\u00f1os en nivel de excelencia.<\/p>\n\n\n\n<p>Durante esta d\u00e9cada, el DCCS ha crecido en solidez acad\u00e9mica, gracias a la ampliaci\u00f3n de su claustro, la implementaci\u00f3n de un modelo de formaci\u00f3n innovador y la creaci\u00f3n de espacios de colaboraci\u00f3n internacional, con una productividad cient\u00edfica que ha aumentado significativamente, llegando a m\u00e1s de 80 publicaciones indexadas en WOS\/SCOPUS y una red de colaboraci\u00f3n que incluye destacados acad\u00e9micos nacionales e internacionales.<\/p>\n\n\n\n<p>\u201cLa colaboraci\u00f3n internacional no solo fortalece la producci\u00f3n cient\u00edfica, sino que amplifica el impacto de la investigaci\u00f3n\u201d, explica Rodr\u00edguez-Sickert. En el DCCS, m\u00e1s del 66% de los art\u00edculos incluyen coautores extranjeros, y los estudiantes han participado en 35 congresos internacionales, adem\u00e1s de realizar nueve pasant\u00edas en centros de excelencia. \u201cEste trabajo en red permite que los estudiantes y acad\u00e9micos sean parte de la conversaci\u00f3n cient\u00edfica global, facilitando el acceso a datos,<\/p>\n\n\n\n<p>metodolog\u00edas y enfoques que enriquecen el an\u00e1lisis de fen\u00f3menos sociales complejos\u201d, agrega el director de CICS.<\/p>\n\n\n\n<p>Caracter\u00edsticas que marcan la diferencia<\/p>\n\n\n\n<p>Su modelo de formaci\u00f3n interdisciplinaria y su capacidad para integrar perspectivas diversas en la comprensi\u00f3n de fen\u00f3menos complejos marca la diferencia de este doctorado. El programa cuenta con grupos de trabajo tem\u00e1ticos como neuroCICS, dataCICS, poliCICS y conduCICS, que abordan desde neurociencia hasta comportamiento pol\u00edtico. Asimismo, promueve la inmersi\u00f3n temprana en la investigaci\u00f3n, permitiendo a los estudiantes formar parte de proyectos innovadores desde el primer a\u00f1o.<\/p>\n\n\n\n<p>\u201cLos desaf\u00edos actuales, que pueden incluir desde el cambio clim\u00e1tico hasta la polarizaci\u00f3n pol\u00edtica, son fen\u00f3menos sist\u00e9micos que no pueden resolverse desde una sola disciplina\u201d, detalla Rodr\u00edguez-Sickert, afirmando que el DCCS prepara investigadores para que sean capaces de integrar conocimientos de diversas \u00e1reas para identificar patrones, predecir din\u00e1micas sociales y dise\u00f1ar intervenciones efectivas, lo cual se alinea con la idea de que la ciencia debe servir para resolver problemas reales, superando las barreras disciplinarias que muchas veces limitan la generaci\u00f3n de soluciones innovadoras.<\/p>\n\n\n\n<p>Adem\u00e1s, el enfoque metodol\u00f3gico del programa es otro de sus sellos distintivos, con una fuerte apuesta por t\u00e9cnicas cuantitativas y cualitativas integradas, que permitan alcanzar una comprensi\u00f3n profunda de fen\u00f3menos complejos desde m\u00faltiples aristas. Algunos ejemplos de estas investigaciones se centran en modelos computacionales de polarizaci\u00f3n pol\u00edtica, que han permitido entender la din\u00e1mica de formaci\u00f3n de burbujas ideol\u00f3gicas en redes sociales; estudios en neurociencia social, que han explorado c\u00f3mo la estructura del cerebro humano influye en la toma de decisiones cooperativas; y an\u00e1lisis del comportamiento en mercados digitales, aplicando teor\u00eda de juegos y econom\u00eda del comportamiento para mejorar la regulaci\u00f3n de plataformas tecnol\u00f3gicas.<\/p>\n\n\n\n<p>Un futuro con proyecci\u00f3n<\/p>\n\n\n\n<p>Con la reciente acreditaci\u00f3n, el DCCS proyecta continuar formando investigadores de excelencia que puedan enfrentar los desaf\u00edos contempor\u00e1neos desde una perspectiva interdisciplinaria y global. Su modelo flexible y resiliente le permite adaptarse a nuevas problem\u00e1ticas, consolid\u00e1ndose como un referente nacional e internacional en la formaci\u00f3n doctoral.<\/p>\n\n\n\n<p>Al respecto, el decano Eugenio Guzm\u00e1n destaca el esfuerzo colectivo detr\u00e1s de este logro hist\u00f3rico: \u201ceste resultado no es casualidad, sino el reflejo de un trabajo bien hecho, en el que convergen la autonom\u00eda, la creatividad y una fuerte coordinaci\u00f3n institucional\u201d. Asimismo, Jos\u00e9 Antonio Mu\u00f1oz, director del DCCS, se\u00f1ala que \u201cesta acreditaci\u00f3n confirma el trabajo sistem\u00e1tico realizado en los \u00faltimos 10 a\u00f1os y pone en valor la creaci\u00f3n de un ecosistema de formaci\u00f3n interdisciplinaria que cruza las fronteras entre las ciencias naturales y las ciencias sociales\u201d.<\/p>\n\n\n\n<p>De esta manera, el DCCS seguir\u00e1 construyendo su legado de innovaci\u00f3n acad\u00e9mica y compromiso con la investigaci\u00f3n de alto impacto, reafirmando su lugar como uno de los programas m\u00e1s destacados del pa\u00eds, y buscar\u00e1 expandir su modelo interdisciplinario a trav\u00e9s de una mayor integraci\u00f3n de herramientas computacionales en el an\u00e1lisis de fen\u00f3menos sociales; una ampliaci\u00f3n de la oferta de cursos optativos para abordar metodolog\u00edas emergentes; y potenciar un fortalecimiento del programa Alumni para mejorar la inserci\u00f3n laboral de sus egresados.<\/p>\n\n\n\n<p>\u201cComo enfatizaba Richard Feynman, la clave de la ciencia es desafiar constantemente lo establecido\u201d, concluye Carlos Rodr\u00edguez-Sickert, \u201cen el DCCS, fomentamos que nuestros estudiantes no solo aprendan de sus profesores, sino que los desaf\u00eden y expandan los l\u00edmites del conocimiento\u201d.<\/p>\n\n\n\n<p>Revisa la p\u00e1gina del doctorado <a href=\"https:\/\/gobierno.udd.cl\/doctorado\/\">aqu\u00ed<\/a><\/p>\n","protected":false},"excerpt":{"rendered":"<p>El doctorado se inici\u00f3 en 2013 bajo el respaldo del Centro de Investigaci\u00f3n en Complejidad Social (CICS). A m\u00e1s de una d\u00e9cada de su creaci\u00f3n, el programa ha formado a 18 doctores y cuenta con un claustro acad\u00e9mico que ha producido m\u00e1s de 180 art\u00edculos cient\u00edficos, consolid\u00e1ndose como un referente en investigaci\u00f3n interdisciplinaria en Chile. [&hellip;]<\/p>\n","protected":false},"author":9192236,"featured_media":4602,"comment_status":"closed","ping_status":"open","sticky":false,"template":"","format":"standard","meta":{"footnotes":""},"categories":[1672],"tags":[],"class_list":["post-4628","post","type-post","status-publish","format-standard","has-post-thumbnail","hentry","category-acreditacion"],"yoast_head":"<!-- This site is optimized with the Yoast SEO plugin v26.9 - https:\/\/yoast.com\/product\/yoast-seo-wordpress\/ -->\n<title>Doctorado en Ciencias de la Complejidad Social de la UDD: Un referente nacional de excelencia interdisciplinaria - Doctorado en Ciencias de la Complejidad Social<\/title>\n<meta name=\"robots\" content=\"index, follow, max-snippet:-1, max-image-preview:large, max-video-preview:-1\" \/>\n<link rel=\"canonical\" href=\"https:\/\/gobierno.udd.cl\/dccs\/2025\/03\/27\/doctorado-en-ciencias-de-la-complejidad-social-de-la-udd-un-referente-nacional-de-excelencia-interdisciplinaria\/\" \/>\n<meta property=\"og:locale\" content=\"es_ES\" \/>\n<meta property=\"og:type\" content=\"article\" \/>\n<meta property=\"og:title\" content=\"Doctorado en Ciencias de la Complejidad Social de la UDD: Un referente nacional de excelencia interdisciplinaria - Doctorado en Ciencias de la Complejidad Social\" \/>\n<meta property=\"og:description\" content=\"El doctorado se inici\u00f3 en 2013 bajo el respaldo del Centro de Investigaci\u00f3n en Complejidad Social (CICS). A m\u00e1s de una d\u00e9cada de su creaci\u00f3n, el programa ha formado a 18 doctores y cuenta con un claustro acad\u00e9mico que ha producido m\u00e1s de 180 art\u00edculos cient\u00edficos, consolid\u00e1ndose como un referente en investigaci\u00f3n interdisciplinaria en Chile. [&hellip;]\" \/>\n<meta property=\"og:url\" content=\"https:\/\/gobierno.udd.cl\/dccs\/2025\/03\/27\/doctorado-en-ciencias-de-la-complejidad-social-de-la-udd-un-referente-nacional-de-excelencia-interdisciplinaria\/\" \/>\n<meta property=\"og:site_name\" content=\"Doctorado en Ciencias de la Complejidad Social\" \/>\n<meta property=\"article:published_time\" content=\"2025-03-27T14:54:17+00:00\" \/>\n<meta property=\"og:image\" content=\"https:\/\/gobierno.udd.cl\/dccs\/files\/2025\/02\/whatsapp-image-2025-02-28-at-15-05-46.jpeg\" \/>\n\t<meta property=\"og:image:width\" content=\"656\" \/>\n\t<meta property=\"og:image:height\" content=\"304\" \/>\n\t<meta property=\"og:image:type\" content=\"image\/jpeg\" \/>\n<meta name=\"author\" content=\"ccararo\" \/>\n<meta name=\"twitter:card\" content=\"summary_large_image\" \/>\n<meta name=\"twitter:label1\" content=\"Escrito por\" \/>\n\t<meta name=\"twitter:data1\" content=\"ccararo\" \/>\n\t<meta name=\"twitter:label2\" content=\"Tiempo de lectura\" \/>\n\t<meta name=\"twitter:data2\" content=\"6 minutos\" \/>\n<script type=\"application\/ld+json\" class=\"yoast-schema-graph\">{\"@context\":\"https:\/\/schema.org\",\"@graph\":[{\"@type\":\"Article\",\"@id\":\"https:\/\/gobierno.udd.cl\/dccs\/2025\/03\/27\/doctorado-en-ciencias-de-la-complejidad-social-de-la-udd-un-referente-nacional-de-excelencia-interdisciplinaria\/#article\",\"isPartOf\":{\"@id\":\"https:\/\/gobierno.udd.cl\/dccs\/2025\/03\/27\/doctorado-en-ciencias-de-la-complejidad-social-de-la-udd-un-referente-nacional-de-excelencia-interdisciplinaria\/\"},\"author\":{\"name\":\"ccararo\",\"@id\":\"https:\/\/gobierno.udd.cl\/dccs\/#\/schema\/person\/9d509bb16e7d8299d075f0e90b5d7d00\"},\"headline\":\"Doctorado en Ciencias de la Complejidad Social de la UDD: Un referente nacional de excelencia interdisciplinaria\",\"datePublished\":\"2025-03-27T14:54:17+00:00\",\"mainEntityOfPage\":{\"@id\":\"https:\/\/gobierno.udd.cl\/dccs\/2025\/03\/27\/doctorado-en-ciencias-de-la-complejidad-social-de-la-udd-un-referente-nacional-de-excelencia-interdisciplinaria\/\"},\"wordCount\":1422,\"image\":{\"@id\":\"https:\/\/gobierno.udd.cl\/dccs\/2025\/03\/27\/doctorado-en-ciencias-de-la-complejidad-social-de-la-udd-un-referente-nacional-de-excelencia-interdisciplinaria\/#primaryimage\"},\"thumbnailUrl\":\"https:\/\/gobierno.udd.cl\/dccs\/files\/2025\/02\/whatsapp-image-2025-02-28-at-15-05-46.jpeg\",\"articleSection\":[\"Acreditacion\"],\"inLanguage\":\"es\"},{\"@type\":\"WebPage\",\"@id\":\"https:\/\/gobierno.udd.cl\/dccs\/2025\/03\/27\/doctorado-en-ciencias-de-la-complejidad-social-de-la-udd-un-referente-nacional-de-excelencia-interdisciplinaria\/\",\"url\":\"https:\/\/gobierno.udd.cl\/dccs\/2025\/03\/27\/doctorado-en-ciencias-de-la-complejidad-social-de-la-udd-un-referente-nacional-de-excelencia-interdisciplinaria\/\",\"name\":\"Doctorado en Ciencias de la Complejidad Social de la UDD: Un referente nacional de excelencia interdisciplinaria - Doctorado en Ciencias de la Complejidad Social\",\"isPartOf\":{\"@id\":\"https:\/\/gobierno.udd.cl\/dccs\/#website\"},\"primaryImageOfPage\":{\"@id\":\"https:\/\/gobierno.udd.cl\/dccs\/2025\/03\/27\/doctorado-en-ciencias-de-la-complejidad-social-de-la-udd-un-referente-nacional-de-excelencia-interdisciplinaria\/#primaryimage\"},\"image\":{\"@id\":\"https:\/\/gobierno.udd.cl\/dccs\/2025\/03\/27\/doctorado-en-ciencias-de-la-complejidad-social-de-la-udd-un-referente-nacional-de-excelencia-interdisciplinaria\/#primaryimage\"},\"thumbnailUrl\":\"https:\/\/gobierno.udd.cl\/dccs\/files\/2025\/02\/whatsapp-image-2025-02-28-at-15-05-46.jpeg\",\"datePublished\":\"2025-03-27T14:54:17+00:00\",\"author\":{\"@id\":\"https:\/\/gobierno.udd.cl\/dccs\/#\/schema\/person\/9d509bb16e7d8299d075f0e90b5d7d00\"},\"breadcrumb\":{\"@id\":\"https:\/\/gobierno.udd.cl\/dccs\/2025\/03\/27\/doctorado-en-ciencias-de-la-complejidad-social-de-la-udd-un-referente-nacional-de-excelencia-interdisciplinaria\/#breadcrumb\"},\"inLanguage\":\"es\",\"potentialAction\":[{\"@type\":\"ReadAction\",\"target\":[\"https:\/\/gobierno.udd.cl\/dccs\/2025\/03\/27\/doctorado-en-ciencias-de-la-complejidad-social-de-la-udd-un-referente-nacional-de-excelencia-interdisciplinaria\/\"]}]},{\"@type\":\"ImageObject\",\"inLanguage\":\"es\",\"@id\":\"https:\/\/gobierno.udd.cl\/dccs\/2025\/03\/27\/doctorado-en-ciencias-de-la-complejidad-social-de-la-udd-un-referente-nacional-de-excelencia-interdisciplinaria\/#primaryimage\",\"url\":\"https:\/\/gobierno.udd.cl\/dccs\/files\/2025\/02\/whatsapp-image-2025-02-28-at-15-05-46.jpeg\",\"contentUrl\":\"https:\/\/gobierno.udd.cl\/dccs\/files\/2025\/02\/whatsapp-image-2025-02-28-at-15-05-46.jpeg\",\"width\":656,\"height\":304},{\"@type\":\"BreadcrumbList\",\"@id\":\"https:\/\/gobierno.udd.cl\/dccs\/2025\/03\/27\/doctorado-en-ciencias-de-la-complejidad-social-de-la-udd-un-referente-nacional-de-excelencia-interdisciplinaria\/#breadcrumb\",\"itemListElement\":[{\"@type\":\"ListItem\",\"position\":1,\"name\":\"Portada\",\"item\":\"https:\/\/gobierno.udd.cl\/dccs\/\"},{\"@type\":\"ListItem\",\"position\":2,\"name\":\"Doctorado en Ciencias de la Complejidad Social de la UDD: Un referente nacional de excelencia interdisciplinaria\"}]},{\"@type\":\"WebSite\",\"@id\":\"https:\/\/gobierno.udd.cl\/dccs\/#website\",\"url\":\"https:\/\/gobierno.udd.cl\/dccs\/\",\"name\":\"Doctorado en Ciencias de la Complejidad Social\",\"description\":\"Centro de Investigaci\u00f3n en Complejidad Social | UDD\",\"inLanguage\":\"es\"},{\"@type\":\"Person\",\"@id\":\"https:\/\/gobierno.udd.cl\/dccs\/#\/schema\/person\/9d509bb16e7d8299d075f0e90b5d7d00\",\"name\":\"ccararo\",\"image\":{\"@type\":\"ImageObject\",\"inLanguage\":\"es\",\"@id\":\"https:\/\/gobierno.udd.cl\/dccs\/#\/schema\/person\/image\/\",\"url\":\"https:\/\/secure.gravatar.com\/avatar\/fe809aec6c8a49b41db481a62d9671eec512578ac25cf41f7420b8069513828c?s=96&d=mm&r=g\",\"contentUrl\":\"https:\/\/secure.gravatar.com\/avatar\/fe809aec6c8a49b41db481a62d9671eec512578ac25cf41f7420b8069513828c?s=96&d=mm&r=g\",\"caption\":\"ccararo\"},\"url\":\"https:\/\/gobierno.udd.cl\/dccs\/author\/ccararo\/\"}]}<\/script>\n<!-- \/ Yoast SEO plugin. -->","yoast_head_json":{"title":"Doctorado en Ciencias de la Complejidad Social de la UDD: Un referente nacional de excelencia interdisciplinaria - Doctorado en Ciencias de la Complejidad Social","robots":{"index":"index","follow":"follow","max-snippet":"max-snippet:-1","max-image-preview":"max-image-preview:large","max-video-preview":"max-video-preview:-1"},"canonical":"https:\/\/gobierno.udd.cl\/dccs\/2025\/03\/27\/doctorado-en-ciencias-de-la-complejidad-social-de-la-udd-un-referente-nacional-de-excelencia-interdisciplinaria\/","og_locale":"es_ES","og_type":"article","og_title":"Doctorado en Ciencias de la Complejidad Social de la UDD: Un referente nacional de excelencia interdisciplinaria - Doctorado en Ciencias de la Complejidad Social","og_description":"El doctorado se inici\u00f3 en 2013 bajo el respaldo del Centro de Investigaci\u00f3n en Complejidad Social (CICS). A m\u00e1s de una d\u00e9cada de su creaci\u00f3n, el programa ha formado a 18 doctores y cuenta con un claustro acad\u00e9mico que ha producido m\u00e1s de 180 art\u00edculos cient\u00edficos, consolid\u00e1ndose como un referente en investigaci\u00f3n interdisciplinaria en Chile. [&hellip;]","og_url":"https:\/\/gobierno.udd.cl\/dccs\/2025\/03\/27\/doctorado-en-ciencias-de-la-complejidad-social-de-la-udd-un-referente-nacional-de-excelencia-interdisciplinaria\/","og_site_name":"Doctorado en Ciencias de la Complejidad Social","article_published_time":"2025-03-27T14:54:17+00:00","og_image":[{"width":656,"height":304,"url":"https:\/\/gobierno.udd.cl\/dccs\/files\/2025\/02\/whatsapp-image-2025-02-28-at-15-05-46.jpeg","type":"image\/jpeg"}],"author":"ccararo","twitter_card":"summary_large_image","twitter_misc":{"Escrito por":"ccararo","Tiempo de lectura":"6 minutos"},"schema":{"@context":"https:\/\/schema.org","@graph":[{"@type":"Article","@id":"https:\/\/gobierno.udd.cl\/dccs\/2025\/03\/27\/doctorado-en-ciencias-de-la-complejidad-social-de-la-udd-un-referente-nacional-de-excelencia-interdisciplinaria\/#article","isPartOf":{"@id":"https:\/\/gobierno.udd.cl\/dccs\/2025\/03\/27\/doctorado-en-ciencias-de-la-complejidad-social-de-la-udd-un-referente-nacional-de-excelencia-interdisciplinaria\/"},"author":{"name":"ccararo","@id":"https:\/\/gobierno.udd.cl\/dccs\/#\/schema\/person\/9d509bb16e7d8299d075f0e90b5d7d00"},"headline":"Doctorado en Ciencias de la Complejidad Social de la UDD: Un referente nacional de excelencia interdisciplinaria","datePublished":"2025-03-27T14:54:17+00:00","mainEntityOfPage":{"@id":"https:\/\/gobierno.udd.cl\/dccs\/2025\/03\/27\/doctorado-en-ciencias-de-la-complejidad-social-de-la-udd-un-referente-nacional-de-excelencia-interdisciplinaria\/"},"wordCount":1422,"image":{"@id":"https:\/\/gobierno.udd.cl\/dccs\/2025\/03\/27\/doctorado-en-ciencias-de-la-complejidad-social-de-la-udd-un-referente-nacional-de-excelencia-interdisciplinaria\/#primaryimage"},"thumbnailUrl":"https:\/\/gobierno.udd.cl\/dccs\/files\/2025\/02\/whatsapp-image-2025-02-28-at-15-05-46.jpeg","articleSection":["Acreditacion"],"inLanguage":"es"},{"@type":"WebPage","@id":"https:\/\/gobierno.udd.cl\/dccs\/2025\/03\/27\/doctorado-en-ciencias-de-la-complejidad-social-de-la-udd-un-referente-nacional-de-excelencia-interdisciplinaria\/","url":"https:\/\/gobierno.udd.cl\/dccs\/2025\/03\/27\/doctorado-en-ciencias-de-la-complejidad-social-de-la-udd-un-referente-nacional-de-excelencia-interdisciplinaria\/","name":"Doctorado en Ciencias de la Complejidad Social de la UDD: Un referente nacional de excelencia interdisciplinaria - Doctorado en Ciencias de la Complejidad Social","isPartOf":{"@id":"https:\/\/gobierno.udd.cl\/dccs\/#website"},"primaryImageOfPage":{"@id":"https:\/\/gobierno.udd.cl\/dccs\/2025\/03\/27\/doctorado-en-ciencias-de-la-complejidad-social-de-la-udd-un-referente-nacional-de-excelencia-interdisciplinaria\/#primaryimage"},"image":{"@id":"https:\/\/gobierno.udd.cl\/dccs\/2025\/03\/27\/doctorado-en-ciencias-de-la-complejidad-social-de-la-udd-un-referente-nacional-de-excelencia-interdisciplinaria\/#primaryimage"},"thumbnailUrl":"https:\/\/gobierno.udd.cl\/dccs\/files\/2025\/02\/whatsapp-image-2025-02-28-at-15-05-46.jpeg","datePublished":"2025-03-27T14:54:17+00:00","author":{"@id":"https:\/\/gobierno.udd.cl\/dccs\/#\/schema\/person\/9d509bb16e7d8299d075f0e90b5d7d00"},"breadcrumb":{"@id":"https:\/\/gobierno.udd.cl\/dccs\/2025\/03\/27\/doctorado-en-ciencias-de-la-complejidad-social-de-la-udd-un-referente-nacional-de-excelencia-interdisciplinaria\/#breadcrumb"},"inLanguage":"es","potentialAction":[{"@type":"ReadAction","target":["https:\/\/gobierno.udd.cl\/dccs\/2025\/03\/27\/doctorado-en-ciencias-de-la-complejidad-social-de-la-udd-un-referente-nacional-de-excelencia-interdisciplinaria\/"]}]},{"@type":"ImageObject","inLanguage":"es","@id":"https:\/\/gobierno.udd.cl\/dccs\/2025\/03\/27\/doctorado-en-ciencias-de-la-complejidad-social-de-la-udd-un-referente-nacional-de-excelencia-interdisciplinaria\/#primaryimage","url":"https:\/\/gobierno.udd.cl\/dccs\/files\/2025\/02\/whatsapp-image-2025-02-28-at-15-05-46.jpeg","contentUrl":"https:\/\/gobierno.udd.cl\/dccs\/files\/2025\/02\/whatsapp-image-2025-02-28-at-15-05-46.jpeg","width":656,"height":304},{"@type":"BreadcrumbList","@id":"https:\/\/gobierno.udd.cl\/dccs\/2025\/03\/27\/doctorado-en-ciencias-de-la-complejidad-social-de-la-udd-un-referente-nacional-de-excelencia-interdisciplinaria\/#breadcrumb","itemListElement":[{"@type":"ListItem","position":1,"name":"Portada","item":"https:\/\/gobierno.udd.cl\/dccs\/"},{"@type":"ListItem","position":2,"name":"Doctorado en Ciencias de la Complejidad Social de la UDD: Un referente nacional de excelencia interdisciplinaria"}]},{"@type":"WebSite","@id":"https:\/\/gobierno.udd.cl\/dccs\/#website","url":"https:\/\/gobierno.udd.cl\/dccs\/","name":"Doctorado en Ciencias de la Complejidad Social","description":"Centro de Investigaci\u00f3n en Complejidad Social | UDD","inLanguage":"es"},{"@type":"Person","@id":"https:\/\/gobierno.udd.cl\/dccs\/#\/schema\/person\/9d509bb16e7d8299d075f0e90b5d7d00","name":"ccararo","image":{"@type":"ImageObject","inLanguage":"es","@id":"https:\/\/gobierno.udd.cl\/dccs\/#\/schema\/person\/image\/","url":"https:\/\/secure.gravatar.com\/avatar\/fe809aec6c8a49b41db481a62d9671eec512578ac25cf41f7420b8069513828c?s=96&d=mm&r=g","contentUrl":"https:\/\/secure.gravatar.com\/avatar\/fe809aec6c8a49b41db481a62d9671eec512578ac25cf41f7420b8069513828c?s=96&d=mm&r=g","caption":"ccararo"},"url":"https:\/\/gobierno.udd.cl\/dccs\/author\/ccararo\/"}]}},"featured_image_url":"https:\/\/gobierno.udd.cl\/dccs\/files\/2025\/02\/whatsapp-image-2025-02-28-at-15-05-46.jpeg","_links":{"self":[{"href":"https:\/\/gobierno.udd.cl\/dccs\/wp-json\/wp\/v2\/posts\/4628","targetHints":{"allow":["GET"]}}],"collection":[{"href":"https:\/\/gobierno.udd.cl\/dccs\/wp-json\/wp\/v2\/posts"}],"about":[{"href":"https:\/\/gobierno.udd.cl\/dccs\/wp-json\/wp\/v2\/types\/post"}],"author":[{"embeddable":true,"href":"https:\/\/gobierno.udd.cl\/dccs\/wp-json\/wp\/v2\/users\/9192236"}],"replies":[{"embeddable":true,"href":"https:\/\/gobierno.udd.cl\/dccs\/wp-json\/wp\/v2\/comments?post=4628"}],"version-history":[{"count":1,"href":"https:\/\/gobierno.udd.cl\/dccs\/wp-json\/wp\/v2\/posts\/4628\/revisions"}],"predecessor-version":[{"id":4629,"href":"https:\/\/gobierno.udd.cl\/dccs\/wp-json\/wp\/v2\/posts\/4628\/revisions\/4629"}],"wp:featuredmedia":[{"embeddable":true,"href":"https:\/\/gobierno.udd.cl\/dccs\/wp-json\/wp\/v2\/media\/4602"}],"wp:attachment":[{"href":"https:\/\/gobierno.udd.cl\/dccs\/wp-json\/wp\/v2\/media?parent=4628"}],"wp:term":[{"taxonomy":"category","embeddable":true,"href":"https:\/\/gobierno.udd.cl\/dccs\/wp-json\/wp\/v2\/categories?post=4628"},{"taxonomy":"post_tag","embeddable":true,"href":"https:\/\/gobierno.udd.cl\/dccs\/wp-json\/wp\/v2\/tags?post=4628"}],"curies":[{"name":"wp","href":"https:\/\/api.w.org\/{rel}","templated":true}]}}