{"id":345,"date":"2017-03-30T09:07:15","date_gmt":"2017-03-30T12:07:15","guid":{"rendered":"http:\/\/gobierno.udd.cl\/doctorado\/2017\/03\/30\/director-of-cics-awarded-as-co-researcher-in-fondecyt-project\/"},"modified":"2017-03-30T09:07:15","modified_gmt":"2017-03-30T12:07:15","slug":"director-of-cics-awarded-as-co-researcher-in-fondecyt-project","status":"publish","type":"post","link":"https:\/\/gobierno.udd.cl\/dccs\/2017\/03\/30\/director-of-cics-awarded-as-co-researcher-in-fondecyt-project\/","title":{"rendered":"Director of CICS awarded as co-researcher in FONDECYT project"},"content":{"rendered":"<p><strong>Carlos Rodr\u00edguez-Sickert<\/strong>, Director of our center, will be a co-researcher on the FONDECYT project titled An evolutionary explanation to elucidate the common psychological root between cooperation and aggressiveness: The Male Warrior Hypothesis, led by <strong>Jos\u00e9 Antonio Mu\u00f1oz<\/strong> from the Center for Advanced Studies at UPLA as main investigator.<\/p>\n<p>For many years, Jos\u00e9 Antonio has had a close collaborative relationship with CICS, actively participating in the dissemination and research activities of the center which are linked to his line of research, which is mainly the Basis of Human Behavior and the linking of this topic with evolutionary psychology.<\/p>\n<p>The project, which seeks to understand the role of testosterone &#8211; as an indicator of mating value in male humans &#8211; in acts of cooperation and aggression in contexts of intra-sexual competition; will use methodologies of game theory to measure the different levels of cooperation of men in relation to their hormonal levels.<\/p>\n<p>Carlos will be in charge of the modeling and supervision of the game theory experiments, since he is an expert in this field of mathematics; while the relation to experimental literature associated with evolutionary psychology will be carried out by <strong>Ana Mar\u00eda Fern\u00e1nde<\/strong>z, professor at DCCS and director of the LERI at USACH.<\/p>\n<p><img loading=\"lazy\" decoding=\"async\" src=\"http:\/\/dccs.udd.cl\/wp-content\/uploads\/2017\/03\/Jos\u00e9-Antonio-Mu\u00f1oz-FONDECYT-2-1.png\" alt=\"\" width=\"601\" height=\"505\" class=\"alignnone size-full wp-image-1607\" \/><\/p>\n","protected":false},"excerpt":{"rendered":"<p>Carlos Rodr\u00edguez-Sickert, Director of our center, will be a co-researcher on the FONDECYT project titled An evolutionary explanation to elucidate the common psychological root between cooperation and aggressiveness: The Male Warrior Hypothesis, led by Jos\u00e9 Antonio Mu\u00f1oz from the Center for Advanced Studies at UPLA as main investigator. For many years, Jos\u00e9 Antonio has had [&hellip;]<\/p>\n","protected":false},"author":0,"featured_media":347,"comment_status":"open","ping_status":"open","sticky":false,"template":"","format":"standard","meta":{"footnotes":""},"categories":[105],"tags":[],"class_list":["post-345","post","type-post","status-publish","format-standard","has-post-thumbnail","hentry","category-news"],"yoast_head":"<!-- This site is optimized with the Yoast SEO plugin v26.9 - https:\/\/yoast.com\/product\/yoast-seo-wordpress\/ -->\n<title>Director of CICS awarded as co-researcher in FONDECYT project - Doctorado en Ciencias de la Complejidad Social<\/title>\n<meta name=\"robots\" content=\"index, follow, max-snippet:-1, max-image-preview:large, max-video-preview:-1\" \/>\n<link rel=\"canonical\" href=\"https:\/\/gobierno.udd.cl\/dccs\/2017\/03\/30\/director-of-cics-awarded-as-co-researcher-in-fondecyt-project\/\" \/>\n<meta property=\"og:locale\" content=\"es_ES\" \/>\n<meta property=\"og:type\" content=\"article\" \/>\n<meta property=\"og:title\" content=\"Director of CICS awarded as co-researcher in FONDECYT project - Doctorado en Ciencias de la Complejidad Social\" \/>\n<meta property=\"og:description\" content=\"Carlos Rodr\u00edguez-Sickert, Director of our center, will be a co-researcher on the FONDECYT project titled An evolutionary explanation to elucidate the common psychological root between cooperation and aggressiveness: The Male Warrior Hypothesis, led by Jos\u00e9 Antonio Mu\u00f1oz from the Center for Advanced Studies at UPLA as main investigator. For many years, Jos\u00e9 Antonio has had [&hellip;]\" \/>\n<meta property=\"og:url\" content=\"https:\/\/gobierno.udd.cl\/dccs\/2017\/03\/30\/director-of-cics-awarded-as-co-researcher-in-fondecyt-project\/\" \/>\n<meta property=\"og:site_name\" content=\"Doctorado en Ciencias de la Complejidad Social\" \/>\n<meta property=\"article:published_time\" content=\"2017-03-30T12:07:15+00:00\" \/>\n<meta property=\"og:image\" content=\"https:\/\/gobierno.udd.cl\/dccs\/files\/2017\/03\/jose-antonio-munoz-fondecyt-2.jpg\" \/>\n\t<meta property=\"og:image:width\" content=\"601\" \/>\n\t<meta property=\"og:image:height\" content=\"505\" \/>\n\t<meta property=\"og:image:type\" content=\"image\/jpeg\" \/>\n<meta name=\"twitter:card\" content=\"summary_large_image\" \/>\n<meta name=\"twitter:label1\" content=\"Tiempo de lectura\" \/>\n\t<meta name=\"twitter:data1\" content=\"1 minuto\" \/>\n<script type=\"application\/ld+json\" class=\"yoast-schema-graph\">{\"@context\":\"https:\/\/schema.org\",\"@graph\":[{\"@type\":\"Article\",\"@id\":\"https:\/\/gobierno.udd.cl\/dccs\/2017\/03\/30\/director-of-cics-awarded-as-co-researcher-in-fondecyt-project\/#article\",\"isPartOf\":{\"@id\":\"https:\/\/gobierno.udd.cl\/dccs\/2017\/03\/30\/director-of-cics-awarded-as-co-researcher-in-fondecyt-project\/\"},\"author\":{\"name\":\"\",\"@id\":\"\"},\"headline\":\"Director of CICS awarded as co-researcher in FONDECYT project\",\"datePublished\":\"2017-03-30T12:07:15+00:00\",\"mainEntityOfPage\":{\"@id\":\"https:\/\/gobierno.udd.cl\/dccs\/2017\/03\/30\/director-of-cics-awarded-as-co-researcher-in-fondecyt-project\/\"},\"wordCount\":216,\"commentCount\":0,\"image\":{\"@id\":\"https:\/\/gobierno.udd.cl\/dccs\/2017\/03\/30\/director-of-cics-awarded-as-co-researcher-in-fondecyt-project\/#primaryimage\"},\"thumbnailUrl\":\"https:\/\/gobierno.udd.cl\/dccs\/files\/2017\/03\/jose-antonio-munoz-fondecyt-2.jpg\",\"articleSection\":[\"News\"],\"inLanguage\":\"es\",\"potentialAction\":[{\"@type\":\"CommentAction\",\"name\":\"Comment\",\"target\":[\"https:\/\/gobierno.udd.cl\/dccs\/2017\/03\/30\/director-of-cics-awarded-as-co-researcher-in-fondecyt-project\/#respond\"]}]},{\"@type\":\"WebPage\",\"@id\":\"https:\/\/gobierno.udd.cl\/dccs\/2017\/03\/30\/director-of-cics-awarded-as-co-researcher-in-fondecyt-project\/\",\"url\":\"https:\/\/gobierno.udd.cl\/dccs\/2017\/03\/30\/director-of-cics-awarded-as-co-researcher-in-fondecyt-project\/\",\"name\":\"Director of CICS awarded as co-researcher in FONDECYT project - Doctorado en Ciencias de la Complejidad Social\",\"isPartOf\":{\"@id\":\"https:\/\/gobierno.udd.cl\/dccs\/#website\"},\"primaryImageOfPage\":{\"@id\":\"https:\/\/gobierno.udd.cl\/dccs\/2017\/03\/30\/director-of-cics-awarded-as-co-researcher-in-fondecyt-project\/#primaryimage\"},\"image\":{\"@id\":\"https:\/\/gobierno.udd.cl\/dccs\/2017\/03\/30\/director-of-cics-awarded-as-co-researcher-in-fondecyt-project\/#primaryimage\"},\"thumbnailUrl\":\"https:\/\/gobierno.udd.cl\/dccs\/files\/2017\/03\/jose-antonio-munoz-fondecyt-2.jpg\",\"datePublished\":\"2017-03-30T12:07:15+00:00\",\"author\":{\"@id\":\"\"},\"breadcrumb\":{\"@id\":\"https:\/\/gobierno.udd.cl\/dccs\/2017\/03\/30\/director-of-cics-awarded-as-co-researcher-in-fondecyt-project\/#breadcrumb\"},\"inLanguage\":\"es\",\"potentialAction\":[{\"@type\":\"ReadAction\",\"target\":[\"https:\/\/gobierno.udd.cl\/dccs\/2017\/03\/30\/director-of-cics-awarded-as-co-researcher-in-fondecyt-project\/\"]}]},{\"@type\":\"ImageObject\",\"inLanguage\":\"es\",\"@id\":\"https:\/\/gobierno.udd.cl\/dccs\/2017\/03\/30\/director-of-cics-awarded-as-co-researcher-in-fondecyt-project\/#primaryimage\",\"url\":\"https:\/\/gobierno.udd.cl\/dccs\/files\/2017\/03\/jose-antonio-munoz-fondecyt-2.jpg\",\"contentUrl\":\"https:\/\/gobierno.udd.cl\/dccs\/files\/2017\/03\/jose-antonio-munoz-fondecyt-2.jpg\",\"width\":601,\"height\":505},{\"@type\":\"BreadcrumbList\",\"@id\":\"https:\/\/gobierno.udd.cl\/dccs\/2017\/03\/30\/director-of-cics-awarded-as-co-researcher-in-fondecyt-project\/#breadcrumb\",\"itemListElement\":[{\"@type\":\"ListItem\",\"position\":1,\"name\":\"Portada\",\"item\":\"https:\/\/gobierno.udd.cl\/dccs\/\"},{\"@type\":\"ListItem\",\"position\":2,\"name\":\"Director of CICS awarded as co-researcher in FONDECYT project\"}]},{\"@type\":\"WebSite\",\"@id\":\"https:\/\/gobierno.udd.cl\/dccs\/#website\",\"url\":\"https:\/\/gobierno.udd.cl\/dccs\/\",\"name\":\"Doctorado en Ciencias de la Complejidad Social\",\"description\":\"Centro de Investigaci\u00f3n en Complejidad Social | UDD\",\"inLanguage\":\"es\"}]}<\/script>\n<!-- \/ Yoast SEO plugin. -->","yoast_head_json":{"title":"Director of CICS awarded as co-researcher in FONDECYT project - Doctorado en Ciencias de la Complejidad Social","robots":{"index":"index","follow":"follow","max-snippet":"max-snippet:-1","max-image-preview":"max-image-preview:large","max-video-preview":"max-video-preview:-1"},"canonical":"https:\/\/gobierno.udd.cl\/dccs\/2017\/03\/30\/director-of-cics-awarded-as-co-researcher-in-fondecyt-project\/","og_locale":"es_ES","og_type":"article","og_title":"Director of CICS awarded as co-researcher in FONDECYT project - Doctorado en Ciencias de la Complejidad Social","og_description":"Carlos Rodr\u00edguez-Sickert, Director of our center, will be a co-researcher on the FONDECYT project titled An evolutionary explanation to elucidate the common psychological root between cooperation and aggressiveness: The Male Warrior Hypothesis, led by Jos\u00e9 Antonio Mu\u00f1oz from the Center for Advanced Studies at UPLA as main investigator. For many years, Jos\u00e9 Antonio has had [&hellip;]","og_url":"https:\/\/gobierno.udd.cl\/dccs\/2017\/03\/30\/director-of-cics-awarded-as-co-researcher-in-fondecyt-project\/","og_site_name":"Doctorado en Ciencias de la Complejidad Social","article_published_time":"2017-03-30T12:07:15+00:00","og_image":[{"width":601,"height":505,"url":"https:\/\/gobierno.udd.cl\/dccs\/files\/2017\/03\/jose-antonio-munoz-fondecyt-2.jpg","type":"image\/jpeg"}],"twitter_card":"summary_large_image","twitter_misc":{"Tiempo de lectura":"1 minuto"},"schema":{"@context":"https:\/\/schema.org","@graph":[{"@type":"Article","@id":"https:\/\/gobierno.udd.cl\/dccs\/2017\/03\/30\/director-of-cics-awarded-as-co-researcher-in-fondecyt-project\/#article","isPartOf":{"@id":"https:\/\/gobierno.udd.cl\/dccs\/2017\/03\/30\/director-of-cics-awarded-as-co-researcher-in-fondecyt-project\/"},"author":{"name":"","@id":""},"headline":"Director of CICS awarded as co-researcher in FONDECYT project","datePublished":"2017-03-30T12:07:15+00:00","mainEntityOfPage":{"@id":"https:\/\/gobierno.udd.cl\/dccs\/2017\/03\/30\/director-of-cics-awarded-as-co-researcher-in-fondecyt-project\/"},"wordCount":216,"commentCount":0,"image":{"@id":"https:\/\/gobierno.udd.cl\/dccs\/2017\/03\/30\/director-of-cics-awarded-as-co-researcher-in-fondecyt-project\/#primaryimage"},"thumbnailUrl":"https:\/\/gobierno.udd.cl\/dccs\/files\/2017\/03\/jose-antonio-munoz-fondecyt-2.jpg","articleSection":["News"],"inLanguage":"es","potentialAction":[{"@type":"CommentAction","name":"Comment","target":["https:\/\/gobierno.udd.cl\/dccs\/2017\/03\/30\/director-of-cics-awarded-as-co-researcher-in-fondecyt-project\/#respond"]}]},{"@type":"WebPage","@id":"https:\/\/gobierno.udd.cl\/dccs\/2017\/03\/30\/director-of-cics-awarded-as-co-researcher-in-fondecyt-project\/","url":"https:\/\/gobierno.udd.cl\/dccs\/2017\/03\/30\/director-of-cics-awarded-as-co-researcher-in-fondecyt-project\/","name":"Director of CICS awarded as co-researcher in FONDECYT project - Doctorado en Ciencias de la Complejidad Social","isPartOf":{"@id":"https:\/\/gobierno.udd.cl\/dccs\/#website"},"primaryImageOfPage":{"@id":"https:\/\/gobierno.udd.cl\/dccs\/2017\/03\/30\/director-of-cics-awarded-as-co-researcher-in-fondecyt-project\/#primaryimage"},"image":{"@id":"https:\/\/gobierno.udd.cl\/dccs\/2017\/03\/30\/director-of-cics-awarded-as-co-researcher-in-fondecyt-project\/#primaryimage"},"thumbnailUrl":"https:\/\/gobierno.udd.cl\/dccs\/files\/2017\/03\/jose-antonio-munoz-fondecyt-2.jpg","datePublished":"2017-03-30T12:07:15+00:00","author":{"@id":""},"breadcrumb":{"@id":"https:\/\/gobierno.udd.cl\/dccs\/2017\/03\/30\/director-of-cics-awarded-as-co-researcher-in-fondecyt-project\/#breadcrumb"},"inLanguage":"es","potentialAction":[{"@type":"ReadAction","target":["https:\/\/gobierno.udd.cl\/dccs\/2017\/03\/30\/director-of-cics-awarded-as-co-researcher-in-fondecyt-project\/"]}]},{"@type":"ImageObject","inLanguage":"es","@id":"https:\/\/gobierno.udd.cl\/dccs\/2017\/03\/30\/director-of-cics-awarded-as-co-researcher-in-fondecyt-project\/#primaryimage","url":"https:\/\/gobierno.udd.cl\/dccs\/files\/2017\/03\/jose-antonio-munoz-fondecyt-2.jpg","contentUrl":"https:\/\/gobierno.udd.cl\/dccs\/files\/2017\/03\/jose-antonio-munoz-fondecyt-2.jpg","width":601,"height":505},{"@type":"BreadcrumbList","@id":"https:\/\/gobierno.udd.cl\/dccs\/2017\/03\/30\/director-of-cics-awarded-as-co-researcher-in-fondecyt-project\/#breadcrumb","itemListElement":[{"@type":"ListItem","position":1,"name":"Portada","item":"https:\/\/gobierno.udd.cl\/dccs\/"},{"@type":"ListItem","position":2,"name":"Director of CICS awarded as co-researcher in FONDECYT project"}]},{"@type":"WebSite","@id":"https:\/\/gobierno.udd.cl\/dccs\/#website","url":"https:\/\/gobierno.udd.cl\/dccs\/","name":"Doctorado en Ciencias de la Complejidad Social","description":"Centro de Investigaci\u00f3n en Complejidad Social | UDD","inLanguage":"es"}]}},"featured_image_url":"https:\/\/gobierno.udd.cl\/dccs\/files\/2017\/03\/jose-antonio-munoz-fondecyt-2.jpg","_links":{"self":[{"href":"https:\/\/gobierno.udd.cl\/dccs\/wp-json\/wp\/v2\/posts\/345","targetHints":{"allow":["GET"]}}],"collection":[{"href":"https:\/\/gobierno.udd.cl\/dccs\/wp-json\/wp\/v2\/posts"}],"about":[{"href":"https:\/\/gobierno.udd.cl\/dccs\/wp-json\/wp\/v2\/types\/post"}],"replies":[{"embeddable":true,"href":"https:\/\/gobierno.udd.cl\/dccs\/wp-json\/wp\/v2\/comments?post=345"}],"version-history":[{"count":0,"href":"https:\/\/gobierno.udd.cl\/dccs\/wp-json\/wp\/v2\/posts\/345\/revisions"}],"wp:featuredmedia":[{"embeddable":true,"href":"https:\/\/gobierno.udd.cl\/dccs\/wp-json\/wp\/v2\/media\/347"}],"wp:attachment":[{"href":"https:\/\/gobierno.udd.cl\/dccs\/wp-json\/wp\/v2\/media?parent=345"}],"wp:term":[{"taxonomy":"category","embeddable":true,"href":"https:\/\/gobierno.udd.cl\/dccs\/wp-json\/wp\/v2\/categories?post=345"},{"taxonomy":"post_tag","embeddable":true,"href":"https:\/\/gobierno.udd.cl\/dccs\/wp-json\/wp\/v2\/tags?post=345"}],"curies":[{"name":"wp","href":"https:\/\/api.w.org\/{rel}","templated":true}]}}