{"id":2302,"date":"2019-05-14T18:01:32","date_gmt":"2019-05-14T18:01:32","guid":{"rendered":"http:\/\/dccs.udd.cl\/?p=2302"},"modified":"2019-05-14T18:01:32","modified_gmt":"2019-05-14T18:01:32","slug":"for-the-first-time-udd-distinguishes-a-permanent-visiting-professor-leda-cosmides-from-cics","status":"publish","type":"post","link":"https:\/\/gobierno.udd.cl\/dccs\/2019\/05\/14\/for-the-first-time-udd-distinguishes-a-permanent-visiting-professor-leda-cosmides-from-cics\/","title":{"rendered":"For the first time, UDD distinguishes a Permanent Visiting Professor: Leda Cosmides from CICS"},"content":{"rendered":"<p style=\"text-align: justify\"><span style=\"font-weight: 400\">With the presence of the authorities from Universidad del Desarrollo, the outstanding researcher and visiting professor since 2013 of the Research Center in Social Complexity (CICS) of the Faculty of Government, Leda Cosmides, was distinguished as a Permanent Visiting Professor on Tuesday May 7 in a ceremony held at the RESB Campus, Universidad del Desarrollo. This is the first time this distinction has been granted at the University, carried out by means of a Decree requested by the of UDD\u2019 s Academic Vice-Rectors Committee.<\/span><\/p>\n<p style=\"text-align: justify\"><span style=\"font-weight: 400\">The meeting was attended by Ernesto Silva, <\/span><span style=\"font-weight: 400\">Pro-chancellor of the UDD and Vice-Rector of Postgraduate Studies, Continuing Education and Extension<\/span><span style=\"font-weight: 400\">; Sergio Hern\u00e1ndez, Vice-Rector of Research and Doctorate; the Professors Ricardo Guzm\u00e1n, Carlos Rodr\u00edguez-Sickert, Jorge F\u00e1brega, Ana Mar\u00eda Fern\u00e1ndez and Mauricio Apablaza from the Research Center in Social Complexity (CICS); the Director of Research and Doctorate, Denise Saint-Jean; and the CICS Coordinator, Tamara Yaikin.<\/span><\/p>\n<p style=\"text-align: justify\"><span style=\"font-weight: 400\">On that occasion, the Leda Cosmides\u2019 birthday was also celebrated. She is PhD in Cognitive Psychology at Harvard University and co-director of the Center for Evolutionary Psychology, UCSB, and current professor of Psychology in the Department of Psychological &amp; Brain Sciences of the University of California (UCBS).<\/span><\/p>\n<figure id=\"attachment_2297\" aria-describedby=\"caption-attachment-2297\" style=\"width: 500px\" class=\"wp-caption aligncenter\"><a href=\"https:\/\/gobierno.udd.cl\/doctorado\/files\/2019\/05\/leda-1.jpg\"><img loading=\"lazy\" decoding=\"async\" class=\"wp-image-2297\" src=\"https:\/\/gobierno.udd.cl\/doctorado\/files\/2019\/05\/leda-1.jpg\" alt=\"\" width=\"500\" height=\"375\" \/><\/a><figcaption id=\"caption-attachment-2297\" class=\"wp-caption-text\">Sergio Hern\u00e1ndez and Leda Cosmides.<\/figcaption><\/figure>\n<p>&nbsp;<\/p>\n<figure id=\"attachment_2296\" aria-describedby=\"caption-attachment-2296\" style=\"width: 500px\" class=\"wp-caption aligncenter\"><a href=\"https:\/\/gobierno.udd.cl\/doctorado\/files\/2019\/05\/img_5855.jpg\"><img loading=\"lazy\" decoding=\"async\" class=\"wp-image-2296\" src=\"https:\/\/gobierno.udd.cl\/doctorado\/files\/2019\/05\/img_5855.jpg\" alt=\"\" width=\"500\" height=\"333\" \/><\/a><figcaption id=\"caption-attachment-2296\" class=\"wp-caption-text\">From left to right: Sergio Hern\u00e1ndez, Tamara Yaikin, Leda Cosmides and Ernesto Silva.<\/figcaption><\/figure>\n<figure id=\"attachment_2295\" aria-describedby=\"caption-attachment-2295\" style=\"width: 500px\" class=\"wp-caption aligncenter\"><a href=\"https:\/\/gobierno.udd.cl\/doctorado\/files\/2019\/05\/img_5851.jpg\"><img loading=\"lazy\" decoding=\"async\" class=\"wp-image-2295\" src=\"https:\/\/gobierno.udd.cl\/doctorado\/files\/2019\/05\/img_5851.jpg\" alt=\"\" width=\"500\" height=\"333\" \/><\/a><figcaption id=\"caption-attachment-2295\" class=\"wp-caption-text\">From left to right: Sergio Hern\u00e9ndez, Tamara Yaikin, Leda Cosmides, Ernesto Silva, Jorge F\u00e1brega and Mauricio Apablaza.<\/figcaption><\/figure>\n<p>&nbsp;<\/p>\n<figure id=\"attachment_2294\" aria-describedby=\"caption-attachment-2294\" style=\"width: 500px\" class=\"wp-caption aligncenter\"><a href=\"https:\/\/dccs.udd.cl\/files\/2019\/05\/IMG_5852.jpg\"><img loading=\"lazy\" decoding=\"async\" class=\"wp-image-2294\" src=\"https:\/\/dccs.udd.cl\/files\/2019\/05\/IMG_5852.jpg\" alt=\"\" width=\"500\" height=\"333\" \/><\/a><figcaption id=\"caption-attachment-2294\" class=\"wp-caption-text\">From left to right: Sergio Hern\u00e9ndez, Tamara Yaikin, Leda Cosmides, Ernesto Silva, Jorge F\u00e1brega and Mauricio Apablaza.<\/figcaption><\/figure>\n","protected":false},"excerpt":{"rendered":"<p>With the presence of the authorities from Universidad del Desarrollo, the outstanding researcher and visiting professor since 2013 of the Research Center in Social Complexity (CICS) of the Faculty of Government, Leda Cosmides, was distinguished as a Permanent Visiting Professor on Tuesday May 7 in a ceremony held at the RESB Campus, Universidad del Desarrollo. [&hellip;]<\/p>\n","protected":false},"author":0,"featured_media":2300,"comment_status":"open","ping_status":"open","sticky":false,"template":"","format":"standard","meta":{"footnotes":""},"categories":[105],"tags":[223,155,124,865,867,276],"class_list":["post-2302","post","type-post","status-publish","format-standard","has-post-thumbnail","hentry","category-news","tag-cics-en","tag-dccs-en","tag-doctorate-en","tag-leda-cosmides","tag-permanent-visiting-professor","tag-udd-en"],"yoast_head":"<!-- This site is optimized with the Yoast SEO plugin v26.9 - https:\/\/yoast.com\/product\/yoast-seo-wordpress\/ -->\n<title>For the first time, UDD distinguishes a Permanent Visiting Professor: Leda Cosmides from CICS - Doctorado en Ciencias de la Complejidad Social<\/title>\n<meta name=\"robots\" content=\"index, follow, max-snippet:-1, max-image-preview:large, max-video-preview:-1\" \/>\n<link rel=\"canonical\" href=\"https:\/\/gobierno.udd.cl\/dccs\/2019\/05\/14\/for-the-first-time-udd-distinguishes-a-permanent-visiting-professor-leda-cosmides-from-cics\/\" \/>\n<meta property=\"og:locale\" content=\"es_ES\" \/>\n<meta property=\"og:type\" content=\"article\" \/>\n<meta property=\"og:title\" content=\"For the first time, UDD distinguishes a Permanent Visiting Professor: Leda Cosmides from CICS - Doctorado en Ciencias de la Complejidad Social\" \/>\n<meta property=\"og:description\" content=\"With the presence of the authorities from Universidad del Desarrollo, the outstanding researcher and visiting professor since 2013 of the Research Center in Social Complexity (CICS) of the Faculty of Government, Leda Cosmides, was distinguished as a Permanent Visiting Professor on Tuesday May 7 in a ceremony held at the RESB Campus, Universidad del Desarrollo. [&hellip;]\" \/>\n<meta property=\"og:url\" content=\"https:\/\/gobierno.udd.cl\/dccs\/2019\/05\/14\/for-the-first-time-udd-distinguishes-a-permanent-visiting-professor-leda-cosmides-from-cics\/\" \/>\n<meta property=\"og:site_name\" content=\"Doctorado en Ciencias de la Complejidad Social\" \/>\n<meta property=\"article:published_time\" content=\"2019-05-14T18:01:32+00:00\" \/>\n<meta property=\"og:image\" content=\"https:\/\/gobierno.udd.cl\/dccs\/files\/2019\/05\/leda-1.jpg\" \/>\n\t<meta property=\"og:image:width\" content=\"1032\" \/>\n\t<meta property=\"og:image:height\" content=\"774\" \/>\n\t<meta property=\"og:image:type\" content=\"image\/jpeg\" \/>\n<meta name=\"twitter:card\" content=\"summary_large_image\" \/>\n<meta name=\"twitter:label1\" content=\"Tiempo de lectura\" \/>\n\t<meta name=\"twitter:data1\" content=\"1 minuto\" \/>\n<script type=\"application\/ld+json\" class=\"yoast-schema-graph\">{\"@context\":\"https:\/\/schema.org\",\"@graph\":[{\"@type\":\"Article\",\"@id\":\"https:\/\/gobierno.udd.cl\/dccs\/2019\/05\/14\/for-the-first-time-udd-distinguishes-a-permanent-visiting-professor-leda-cosmides-from-cics\/#article\",\"isPartOf\":{\"@id\":\"https:\/\/gobierno.udd.cl\/dccs\/2019\/05\/14\/for-the-first-time-udd-distinguishes-a-permanent-visiting-professor-leda-cosmides-from-cics\/\"},\"author\":{\"name\":\"\",\"@id\":\"\"},\"headline\":\"For the first time, UDD distinguishes a Permanent Visiting Professor: Leda Cosmides from CICS\",\"datePublished\":\"2019-05-14T18:01:32+00:00\",\"mainEntityOfPage\":{\"@id\":\"https:\/\/gobierno.udd.cl\/dccs\/2019\/05\/14\/for-the-first-time-udd-distinguishes-a-permanent-visiting-professor-leda-cosmides-from-cics\/\"},\"wordCount\":300,\"commentCount\":0,\"image\":{\"@id\":\"https:\/\/gobierno.udd.cl\/dccs\/2019\/05\/14\/for-the-first-time-udd-distinguishes-a-permanent-visiting-professor-leda-cosmides-from-cics\/#primaryimage\"},\"thumbnailUrl\":\"https:\/\/gobierno.udd.cl\/dccs\/files\/2019\/05\/leda-1.jpg\",\"keywords\":[\"CICS\",\"DCCS\",\"doctorate\",\"Leda Cosmides\",\"Permanent Visiting Professor\",\"UDD\"],\"articleSection\":[\"News\"],\"inLanguage\":\"es\",\"potentialAction\":[{\"@type\":\"CommentAction\",\"name\":\"Comment\",\"target\":[\"https:\/\/gobierno.udd.cl\/dccs\/2019\/05\/14\/for-the-first-time-udd-distinguishes-a-permanent-visiting-professor-leda-cosmides-from-cics\/#respond\"]}]},{\"@type\":\"WebPage\",\"@id\":\"https:\/\/gobierno.udd.cl\/dccs\/2019\/05\/14\/for-the-first-time-udd-distinguishes-a-permanent-visiting-professor-leda-cosmides-from-cics\/\",\"url\":\"https:\/\/gobierno.udd.cl\/dccs\/2019\/05\/14\/for-the-first-time-udd-distinguishes-a-permanent-visiting-professor-leda-cosmides-from-cics\/\",\"name\":\"For the first time, UDD distinguishes a Permanent Visiting Professor: Leda Cosmides from CICS - Doctorado en Ciencias de la Complejidad Social\",\"isPartOf\":{\"@id\":\"https:\/\/gobierno.udd.cl\/dccs\/#website\"},\"primaryImageOfPage\":{\"@id\":\"https:\/\/gobierno.udd.cl\/dccs\/2019\/05\/14\/for-the-first-time-udd-distinguishes-a-permanent-visiting-professor-leda-cosmides-from-cics\/#primaryimage\"},\"image\":{\"@id\":\"https:\/\/gobierno.udd.cl\/dccs\/2019\/05\/14\/for-the-first-time-udd-distinguishes-a-permanent-visiting-professor-leda-cosmides-from-cics\/#primaryimage\"},\"thumbnailUrl\":\"https:\/\/gobierno.udd.cl\/dccs\/files\/2019\/05\/leda-1.jpg\",\"datePublished\":\"2019-05-14T18:01:32+00:00\",\"author\":{\"@id\":\"\"},\"breadcrumb\":{\"@id\":\"https:\/\/gobierno.udd.cl\/dccs\/2019\/05\/14\/for-the-first-time-udd-distinguishes-a-permanent-visiting-professor-leda-cosmides-from-cics\/#breadcrumb\"},\"inLanguage\":\"es\",\"potentialAction\":[{\"@type\":\"ReadAction\",\"target\":[\"https:\/\/gobierno.udd.cl\/dccs\/2019\/05\/14\/for-the-first-time-udd-distinguishes-a-permanent-visiting-professor-leda-cosmides-from-cics\/\"]}]},{\"@type\":\"ImageObject\",\"inLanguage\":\"es\",\"@id\":\"https:\/\/gobierno.udd.cl\/dccs\/2019\/05\/14\/for-the-first-time-udd-distinguishes-a-permanent-visiting-professor-leda-cosmides-from-cics\/#primaryimage\",\"url\":\"https:\/\/gobierno.udd.cl\/dccs\/files\/2019\/05\/leda-1.jpg\",\"contentUrl\":\"https:\/\/gobierno.udd.cl\/dccs\/files\/2019\/05\/leda-1.jpg\",\"width\":1032,\"height\":774},{\"@type\":\"BreadcrumbList\",\"@id\":\"https:\/\/gobierno.udd.cl\/dccs\/2019\/05\/14\/for-the-first-time-udd-distinguishes-a-permanent-visiting-professor-leda-cosmides-from-cics\/#breadcrumb\",\"itemListElement\":[{\"@type\":\"ListItem\",\"position\":1,\"name\":\"Portada\",\"item\":\"https:\/\/gobierno.udd.cl\/dccs\/\"},{\"@type\":\"ListItem\",\"position\":2,\"name\":\"For the first time, UDD distinguishes a Permanent Visiting Professor: Leda Cosmides from CICS\"}]},{\"@type\":\"WebSite\",\"@id\":\"https:\/\/gobierno.udd.cl\/dccs\/#website\",\"url\":\"https:\/\/gobierno.udd.cl\/dccs\/\",\"name\":\"Doctorado en Ciencias de la Complejidad Social\",\"description\":\"Centro de Investigaci\u00f3n en Complejidad Social | UDD\",\"inLanguage\":\"es\"}]}<\/script>\n<!-- \/ Yoast SEO plugin. -->","yoast_head_json":{"title":"For the first time, UDD distinguishes a Permanent Visiting Professor: Leda Cosmides from CICS - Doctorado en Ciencias de la Complejidad Social","robots":{"index":"index","follow":"follow","max-snippet":"max-snippet:-1","max-image-preview":"max-image-preview:large","max-video-preview":"max-video-preview:-1"},"canonical":"https:\/\/gobierno.udd.cl\/dccs\/2019\/05\/14\/for-the-first-time-udd-distinguishes-a-permanent-visiting-professor-leda-cosmides-from-cics\/","og_locale":"es_ES","og_type":"article","og_title":"For the first time, UDD distinguishes a Permanent Visiting Professor: Leda Cosmides from CICS - Doctorado en Ciencias de la Complejidad Social","og_description":"With the presence of the authorities from Universidad del Desarrollo, the outstanding researcher and visiting professor since 2013 of the Research Center in Social Complexity (CICS) of the Faculty of Government, Leda Cosmides, was distinguished as a Permanent Visiting Professor on Tuesday May 7 in a ceremony held at the RESB Campus, Universidad del Desarrollo. [&hellip;]","og_url":"https:\/\/gobierno.udd.cl\/dccs\/2019\/05\/14\/for-the-first-time-udd-distinguishes-a-permanent-visiting-professor-leda-cosmides-from-cics\/","og_site_name":"Doctorado en Ciencias de la Complejidad Social","article_published_time":"2019-05-14T18:01:32+00:00","og_image":[{"width":1032,"height":774,"url":"https:\/\/gobierno.udd.cl\/dccs\/files\/2019\/05\/leda-1.jpg","type":"image\/jpeg"}],"twitter_card":"summary_large_image","twitter_misc":{"Tiempo de lectura":"1 minuto"},"schema":{"@context":"https:\/\/schema.org","@graph":[{"@type":"Article","@id":"https:\/\/gobierno.udd.cl\/dccs\/2019\/05\/14\/for-the-first-time-udd-distinguishes-a-permanent-visiting-professor-leda-cosmides-from-cics\/#article","isPartOf":{"@id":"https:\/\/gobierno.udd.cl\/dccs\/2019\/05\/14\/for-the-first-time-udd-distinguishes-a-permanent-visiting-professor-leda-cosmides-from-cics\/"},"author":{"name":"","@id":""},"headline":"For the first time, UDD distinguishes a Permanent Visiting Professor: Leda Cosmides from CICS","datePublished":"2019-05-14T18:01:32+00:00","mainEntityOfPage":{"@id":"https:\/\/gobierno.udd.cl\/dccs\/2019\/05\/14\/for-the-first-time-udd-distinguishes-a-permanent-visiting-professor-leda-cosmides-from-cics\/"},"wordCount":300,"commentCount":0,"image":{"@id":"https:\/\/gobierno.udd.cl\/dccs\/2019\/05\/14\/for-the-first-time-udd-distinguishes-a-permanent-visiting-professor-leda-cosmides-from-cics\/#primaryimage"},"thumbnailUrl":"https:\/\/gobierno.udd.cl\/dccs\/files\/2019\/05\/leda-1.jpg","keywords":["CICS","DCCS","doctorate","Leda Cosmides","Permanent Visiting Professor","UDD"],"articleSection":["News"],"inLanguage":"es","potentialAction":[{"@type":"CommentAction","name":"Comment","target":["https:\/\/gobierno.udd.cl\/dccs\/2019\/05\/14\/for-the-first-time-udd-distinguishes-a-permanent-visiting-professor-leda-cosmides-from-cics\/#respond"]}]},{"@type":"WebPage","@id":"https:\/\/gobierno.udd.cl\/dccs\/2019\/05\/14\/for-the-first-time-udd-distinguishes-a-permanent-visiting-professor-leda-cosmides-from-cics\/","url":"https:\/\/gobierno.udd.cl\/dccs\/2019\/05\/14\/for-the-first-time-udd-distinguishes-a-permanent-visiting-professor-leda-cosmides-from-cics\/","name":"For the first time, UDD distinguishes a Permanent Visiting Professor: Leda Cosmides from CICS - Doctorado en Ciencias de la Complejidad Social","isPartOf":{"@id":"https:\/\/gobierno.udd.cl\/dccs\/#website"},"primaryImageOfPage":{"@id":"https:\/\/gobierno.udd.cl\/dccs\/2019\/05\/14\/for-the-first-time-udd-distinguishes-a-permanent-visiting-professor-leda-cosmides-from-cics\/#primaryimage"},"image":{"@id":"https:\/\/gobierno.udd.cl\/dccs\/2019\/05\/14\/for-the-first-time-udd-distinguishes-a-permanent-visiting-professor-leda-cosmides-from-cics\/#primaryimage"},"thumbnailUrl":"https:\/\/gobierno.udd.cl\/dccs\/files\/2019\/05\/leda-1.jpg","datePublished":"2019-05-14T18:01:32+00:00","author":{"@id":""},"breadcrumb":{"@id":"https:\/\/gobierno.udd.cl\/dccs\/2019\/05\/14\/for-the-first-time-udd-distinguishes-a-permanent-visiting-professor-leda-cosmides-from-cics\/#breadcrumb"},"inLanguage":"es","potentialAction":[{"@type":"ReadAction","target":["https:\/\/gobierno.udd.cl\/dccs\/2019\/05\/14\/for-the-first-time-udd-distinguishes-a-permanent-visiting-professor-leda-cosmides-from-cics\/"]}]},{"@type":"ImageObject","inLanguage":"es","@id":"https:\/\/gobierno.udd.cl\/dccs\/2019\/05\/14\/for-the-first-time-udd-distinguishes-a-permanent-visiting-professor-leda-cosmides-from-cics\/#primaryimage","url":"https:\/\/gobierno.udd.cl\/dccs\/files\/2019\/05\/leda-1.jpg","contentUrl":"https:\/\/gobierno.udd.cl\/dccs\/files\/2019\/05\/leda-1.jpg","width":1032,"height":774},{"@type":"BreadcrumbList","@id":"https:\/\/gobierno.udd.cl\/dccs\/2019\/05\/14\/for-the-first-time-udd-distinguishes-a-permanent-visiting-professor-leda-cosmides-from-cics\/#breadcrumb","itemListElement":[{"@type":"ListItem","position":1,"name":"Portada","item":"https:\/\/gobierno.udd.cl\/dccs\/"},{"@type":"ListItem","position":2,"name":"For the first time, UDD distinguishes a Permanent Visiting Professor: Leda Cosmides from CICS"}]},{"@type":"WebSite","@id":"https:\/\/gobierno.udd.cl\/dccs\/#website","url":"https:\/\/gobierno.udd.cl\/dccs\/","name":"Doctorado en Ciencias de la Complejidad Social","description":"Centro de Investigaci\u00f3n en Complejidad Social | UDD","inLanguage":"es"}]}},"featured_image_url":"https:\/\/gobierno.udd.cl\/dccs\/files\/2019\/05\/leda-1.jpg","_links":{"self":[{"href":"https:\/\/gobierno.udd.cl\/dccs\/wp-json\/wp\/v2\/posts\/2302","targetHints":{"allow":["GET"]}}],"collection":[{"href":"https:\/\/gobierno.udd.cl\/dccs\/wp-json\/wp\/v2\/posts"}],"about":[{"href":"https:\/\/gobierno.udd.cl\/dccs\/wp-json\/wp\/v2\/types\/post"}],"replies":[{"embeddable":true,"href":"https:\/\/gobierno.udd.cl\/dccs\/wp-json\/wp\/v2\/comments?post=2302"}],"version-history":[{"count":0,"href":"https:\/\/gobierno.udd.cl\/dccs\/wp-json\/wp\/v2\/posts\/2302\/revisions"}],"wp:featuredmedia":[{"embeddable":true,"href":"https:\/\/gobierno.udd.cl\/dccs\/wp-json\/wp\/v2\/media\/2300"}],"wp:attachment":[{"href":"https:\/\/gobierno.udd.cl\/dccs\/wp-json\/wp\/v2\/media?parent=2302"}],"wp:term":[{"taxonomy":"category","embeddable":true,"href":"https:\/\/gobierno.udd.cl\/dccs\/wp-json\/wp\/v2\/categories?post=2302"},{"taxonomy":"post_tag","embeddable":true,"href":"https:\/\/gobierno.udd.cl\/dccs\/wp-json\/wp\/v2\/tags?post=2302"}],"curies":[{"name":"wp","href":"https:\/\/api.w.org\/{rel}","templated":true}]}}