{"id":220,"date":"2014-12-30T01:01:23","date_gmt":"2014-12-30T01:01:23","guid":{"rendered":"http:\/\/gobierno.udd.cl\/doctorado\/2014\/12\/30\/director-of-the-little-devices-mit-delivered-a-lecture-for-the-doctoral-program\/"},"modified":"2014-12-30T01:01:23","modified_gmt":"2014-12-30T01:01:23","slug":"director-of-the-little-devices-mit-delivered-a-lecture-for-the-doctoral-program","status":"publish","type":"post","link":"https:\/\/gobierno.udd.cl\/dccs\/2014\/12\/30\/director-of-the-little-devices-mit-delivered-a-lecture-for-the-doctoral-program\/","title":{"rendered":"Director of the Little Devices (MIT) delivered a Lecture for the Doctoral Program"},"content":{"rendered":"<p><img loading=\"lazy\" decoding=\"async\" class=\"alignleft size-full wp-image-806\" src=\"http:\/\/dccs.udd.cl\/wp-content\/uploads\/2014\/12\/Jose\u0301-Gomez-Marquez.jpg\" alt=\"Jose\u0301 Gomez Marquez\" width=\"220\" height=\"454\" \/><\/p>\n<p>The laboratory director of MIT Little Devices, Jos\u00e9 G\u00f3mez-M\u00e1rquez gave a lecture exclusively for students of the Doctoral Program in Social Complexity, last December 4th.<\/p>\n<p>His visit was part of the \u00abStrategies for Developing Affordable Crowdsourced Sensing for Disease and Environmental Monitoring\u00bb project, aimed at creating low-cost sensors for medical and environmental applications. This initiative of the Faculty of Engineering of Universidad del Desarrollo and The Massachusetts Institute of Technology (MIT) is supported by the research fund MISTI (awarded by CONICYT and the Secretariat for Economy), allowing the exchange of students and teachers from both institutions. \u00abOur approach is to create laboratory sensors and devices not only for us to export to the communities, but to be develop them locally. That has helped us develop diagnoses of dengue, Ebola and other diseases in South America and Central America\u00bb.<\/p>\n<p><span style=\"color: rgb(0, 0, 0);\">\u00abThere is a range of health technologies that are designed with a user-centric engineering\u00bb, said Jos\u00e9 G\u00f3mez M\u00e1rquez, who has specialized in designing devices that allow doctors and nurses in developing countries invent their own medical technologies. The expert is a TED Fellow, he also has advised governments in the areas of science and technology and has received two awards from the Lemelson MIT.<\/span><\/p>\n<p><span style=\"color: #000000;\">Jose Gomez-Marquez\u00b4s visit was possible thanks to Camilo Rodriguez-Beltran -Director of Innovation from the Faculty of Engineering of Universidad del Desarrollo- who has worked extensively with the researcher.<\/span><\/p>\n","protected":false},"excerpt":{"rendered":"<p>This initiative of the Faculty of Engineering and MIT is supported by the research fund MISTI (awarded by CONICYT and the Secretariat for Economy).<\/p>\n","protected":false},"author":0,"featured_media":219,"comment_status":"open","ping_status":"open","sticky":false,"template":"","format":"standard","meta":{"footnotes":""},"categories":[105],"tags":[],"class_list":["post-220","post","type-post","status-publish","format-standard","has-post-thumbnail","hentry","category-news"],"yoast_head":"<!-- This site is optimized with the Yoast SEO plugin v26.9 - https:\/\/yoast.com\/product\/yoast-seo-wordpress\/ -->\n<title>Director of the Little Devices (MIT) delivered a Lecture for the Doctoral Program - Doctorado en Ciencias de la Complejidad Social<\/title>\n<meta name=\"robots\" content=\"index, follow, max-snippet:-1, max-image-preview:large, max-video-preview:-1\" \/>\n<link rel=\"canonical\" href=\"https:\/\/gobierno.udd.cl\/dccs\/2014\/12\/30\/director-of-the-little-devices-mit-delivered-a-lecture-for-the-doctoral-program\/\" \/>\n<meta property=\"og:locale\" content=\"es_ES\" \/>\n<meta property=\"og:type\" content=\"article\" \/>\n<meta property=\"og:title\" content=\"Director of the Little Devices (MIT) delivered a Lecture for the Doctoral Program - Doctorado en Ciencias de la Complejidad Social\" \/>\n<meta property=\"og:description\" content=\"This initiative of the Faculty of Engineering and MIT is supported by the research fund MISTI (awarded by CONICYT and the Secretariat for Economy).\" \/>\n<meta property=\"og:url\" content=\"https:\/\/gobierno.udd.cl\/dccs\/2014\/12\/30\/director-of-the-little-devices-mit-delivered-a-lecture-for-the-doctoral-program\/\" \/>\n<meta property=\"og:site_name\" content=\"Doctorado en Ciencias de la Complejidad Social\" \/>\n<meta property=\"article:published_time\" content=\"2014-12-30T01:01:23+00:00\" \/>\n<meta property=\"og:image\" content=\"https:\/\/gobierno.udd.cl\/dccs\/files\/2017\/10\/comienza-dccs.jpg\" \/>\n\t<meta property=\"og:image:width\" content=\"175\" \/>\n\t<meta property=\"og:image:height\" content=\"120\" \/>\n\t<meta property=\"og:image:type\" content=\"image\/jpeg\" \/>\n<meta name=\"twitter:card\" content=\"summary_large_image\" \/>\n<meta name=\"twitter:label1\" content=\"Tiempo de lectura\" \/>\n\t<meta name=\"twitter:data1\" content=\"1 minuto\" \/>\n<script type=\"application\/ld+json\" class=\"yoast-schema-graph\">{\"@context\":\"https:\/\/schema.org\",\"@graph\":[{\"@type\":\"Article\",\"@id\":\"https:\/\/gobierno.udd.cl\/dccs\/2014\/12\/30\/director-of-the-little-devices-mit-delivered-a-lecture-for-the-doctoral-program\/#article\",\"isPartOf\":{\"@id\":\"https:\/\/gobierno.udd.cl\/dccs\/2014\/12\/30\/director-of-the-little-devices-mit-delivered-a-lecture-for-the-doctoral-program\/\"},\"author\":{\"name\":\"\",\"@id\":\"\"},\"headline\":\"Director of the Little Devices (MIT) delivered a Lecture for the Doctoral Program\",\"datePublished\":\"2014-12-30T01:01:23+00:00\",\"mainEntityOfPage\":{\"@id\":\"https:\/\/gobierno.udd.cl\/dccs\/2014\/12\/30\/director-of-the-little-devices-mit-delivered-a-lecture-for-the-doctoral-program\/\"},\"wordCount\":248,\"commentCount\":0,\"image\":{\"@id\":\"https:\/\/gobierno.udd.cl\/dccs\/2014\/12\/30\/director-of-the-little-devices-mit-delivered-a-lecture-for-the-doctoral-program\/#primaryimage\"},\"thumbnailUrl\":\"https:\/\/gobierno.udd.cl\/dccs\/files\/2017\/10\/comienza-dccs.jpg\",\"articleSection\":[\"News\"],\"inLanguage\":\"es\",\"potentialAction\":[{\"@type\":\"CommentAction\",\"name\":\"Comment\",\"target\":[\"https:\/\/gobierno.udd.cl\/dccs\/2014\/12\/30\/director-of-the-little-devices-mit-delivered-a-lecture-for-the-doctoral-program\/#respond\"]}]},{\"@type\":\"WebPage\",\"@id\":\"https:\/\/gobierno.udd.cl\/dccs\/2014\/12\/30\/director-of-the-little-devices-mit-delivered-a-lecture-for-the-doctoral-program\/\",\"url\":\"https:\/\/gobierno.udd.cl\/dccs\/2014\/12\/30\/director-of-the-little-devices-mit-delivered-a-lecture-for-the-doctoral-program\/\",\"name\":\"Director of the Little Devices (MIT) delivered a Lecture for the Doctoral Program - Doctorado en Ciencias de la Complejidad Social\",\"isPartOf\":{\"@id\":\"https:\/\/gobierno.udd.cl\/dccs\/#website\"},\"primaryImageOfPage\":{\"@id\":\"https:\/\/gobierno.udd.cl\/dccs\/2014\/12\/30\/director-of-the-little-devices-mit-delivered-a-lecture-for-the-doctoral-program\/#primaryimage\"},\"image\":{\"@id\":\"https:\/\/gobierno.udd.cl\/dccs\/2014\/12\/30\/director-of-the-little-devices-mit-delivered-a-lecture-for-the-doctoral-program\/#primaryimage\"},\"thumbnailUrl\":\"https:\/\/gobierno.udd.cl\/dccs\/files\/2017\/10\/comienza-dccs.jpg\",\"datePublished\":\"2014-12-30T01:01:23+00:00\",\"author\":{\"@id\":\"\"},\"breadcrumb\":{\"@id\":\"https:\/\/gobierno.udd.cl\/dccs\/2014\/12\/30\/director-of-the-little-devices-mit-delivered-a-lecture-for-the-doctoral-program\/#breadcrumb\"},\"inLanguage\":\"es\",\"potentialAction\":[{\"@type\":\"ReadAction\",\"target\":[\"https:\/\/gobierno.udd.cl\/dccs\/2014\/12\/30\/director-of-the-little-devices-mit-delivered-a-lecture-for-the-doctoral-program\/\"]}]},{\"@type\":\"ImageObject\",\"inLanguage\":\"es\",\"@id\":\"https:\/\/gobierno.udd.cl\/dccs\/2014\/12\/30\/director-of-the-little-devices-mit-delivered-a-lecture-for-the-doctoral-program\/#primaryimage\",\"url\":\"https:\/\/gobierno.udd.cl\/dccs\/files\/2017\/10\/comienza-dccs.jpg\",\"contentUrl\":\"https:\/\/gobierno.udd.cl\/dccs\/files\/2017\/10\/comienza-dccs.jpg\",\"width\":175,\"height\":120},{\"@type\":\"BreadcrumbList\",\"@id\":\"https:\/\/gobierno.udd.cl\/dccs\/2014\/12\/30\/director-of-the-little-devices-mit-delivered-a-lecture-for-the-doctoral-program\/#breadcrumb\",\"itemListElement\":[{\"@type\":\"ListItem\",\"position\":1,\"name\":\"Portada\",\"item\":\"https:\/\/gobierno.udd.cl\/dccs\/\"},{\"@type\":\"ListItem\",\"position\":2,\"name\":\"Director of the Little Devices (MIT) delivered a Lecture for the Doctoral Program\"}]},{\"@type\":\"WebSite\",\"@id\":\"https:\/\/gobierno.udd.cl\/dccs\/#website\",\"url\":\"https:\/\/gobierno.udd.cl\/dccs\/\",\"name\":\"Doctorado en Ciencias de la Complejidad Social\",\"description\":\"Centro de Investigaci\u00f3n en Complejidad Social | UDD\",\"inLanguage\":\"es\"}]}<\/script>\n<!-- \/ Yoast SEO plugin. -->","yoast_head_json":{"title":"Director of the Little Devices (MIT) delivered a Lecture for the Doctoral Program - Doctorado en Ciencias de la Complejidad Social","robots":{"index":"index","follow":"follow","max-snippet":"max-snippet:-1","max-image-preview":"max-image-preview:large","max-video-preview":"max-video-preview:-1"},"canonical":"https:\/\/gobierno.udd.cl\/dccs\/2014\/12\/30\/director-of-the-little-devices-mit-delivered-a-lecture-for-the-doctoral-program\/","og_locale":"es_ES","og_type":"article","og_title":"Director of the Little Devices (MIT) delivered a Lecture for the Doctoral Program - Doctorado en Ciencias de la Complejidad Social","og_description":"This initiative of the Faculty of Engineering and MIT is supported by the research fund MISTI (awarded by CONICYT and the Secretariat for Economy).","og_url":"https:\/\/gobierno.udd.cl\/dccs\/2014\/12\/30\/director-of-the-little-devices-mit-delivered-a-lecture-for-the-doctoral-program\/","og_site_name":"Doctorado en Ciencias de la Complejidad Social","article_published_time":"2014-12-30T01:01:23+00:00","og_image":[{"width":175,"height":120,"url":"https:\/\/gobierno.udd.cl\/dccs\/files\/2017\/10\/comienza-dccs.jpg","type":"image\/jpeg"}],"twitter_card":"summary_large_image","twitter_misc":{"Tiempo de lectura":"1 minuto"},"schema":{"@context":"https:\/\/schema.org","@graph":[{"@type":"Article","@id":"https:\/\/gobierno.udd.cl\/dccs\/2014\/12\/30\/director-of-the-little-devices-mit-delivered-a-lecture-for-the-doctoral-program\/#article","isPartOf":{"@id":"https:\/\/gobierno.udd.cl\/dccs\/2014\/12\/30\/director-of-the-little-devices-mit-delivered-a-lecture-for-the-doctoral-program\/"},"author":{"name":"","@id":""},"headline":"Director of the Little Devices (MIT) delivered a Lecture for the Doctoral Program","datePublished":"2014-12-30T01:01:23+00:00","mainEntityOfPage":{"@id":"https:\/\/gobierno.udd.cl\/dccs\/2014\/12\/30\/director-of-the-little-devices-mit-delivered-a-lecture-for-the-doctoral-program\/"},"wordCount":248,"commentCount":0,"image":{"@id":"https:\/\/gobierno.udd.cl\/dccs\/2014\/12\/30\/director-of-the-little-devices-mit-delivered-a-lecture-for-the-doctoral-program\/#primaryimage"},"thumbnailUrl":"https:\/\/gobierno.udd.cl\/dccs\/files\/2017\/10\/comienza-dccs.jpg","articleSection":["News"],"inLanguage":"es","potentialAction":[{"@type":"CommentAction","name":"Comment","target":["https:\/\/gobierno.udd.cl\/dccs\/2014\/12\/30\/director-of-the-little-devices-mit-delivered-a-lecture-for-the-doctoral-program\/#respond"]}]},{"@type":"WebPage","@id":"https:\/\/gobierno.udd.cl\/dccs\/2014\/12\/30\/director-of-the-little-devices-mit-delivered-a-lecture-for-the-doctoral-program\/","url":"https:\/\/gobierno.udd.cl\/dccs\/2014\/12\/30\/director-of-the-little-devices-mit-delivered-a-lecture-for-the-doctoral-program\/","name":"Director of the Little Devices (MIT) delivered a Lecture for the Doctoral Program - Doctorado en Ciencias de la Complejidad Social","isPartOf":{"@id":"https:\/\/gobierno.udd.cl\/dccs\/#website"},"primaryImageOfPage":{"@id":"https:\/\/gobierno.udd.cl\/dccs\/2014\/12\/30\/director-of-the-little-devices-mit-delivered-a-lecture-for-the-doctoral-program\/#primaryimage"},"image":{"@id":"https:\/\/gobierno.udd.cl\/dccs\/2014\/12\/30\/director-of-the-little-devices-mit-delivered-a-lecture-for-the-doctoral-program\/#primaryimage"},"thumbnailUrl":"https:\/\/gobierno.udd.cl\/dccs\/files\/2017\/10\/comienza-dccs.jpg","datePublished":"2014-12-30T01:01:23+00:00","author":{"@id":""},"breadcrumb":{"@id":"https:\/\/gobierno.udd.cl\/dccs\/2014\/12\/30\/director-of-the-little-devices-mit-delivered-a-lecture-for-the-doctoral-program\/#breadcrumb"},"inLanguage":"es","potentialAction":[{"@type":"ReadAction","target":["https:\/\/gobierno.udd.cl\/dccs\/2014\/12\/30\/director-of-the-little-devices-mit-delivered-a-lecture-for-the-doctoral-program\/"]}]},{"@type":"ImageObject","inLanguage":"es","@id":"https:\/\/gobierno.udd.cl\/dccs\/2014\/12\/30\/director-of-the-little-devices-mit-delivered-a-lecture-for-the-doctoral-program\/#primaryimage","url":"https:\/\/gobierno.udd.cl\/dccs\/files\/2017\/10\/comienza-dccs.jpg","contentUrl":"https:\/\/gobierno.udd.cl\/dccs\/files\/2017\/10\/comienza-dccs.jpg","width":175,"height":120},{"@type":"BreadcrumbList","@id":"https:\/\/gobierno.udd.cl\/dccs\/2014\/12\/30\/director-of-the-little-devices-mit-delivered-a-lecture-for-the-doctoral-program\/#breadcrumb","itemListElement":[{"@type":"ListItem","position":1,"name":"Portada","item":"https:\/\/gobierno.udd.cl\/dccs\/"},{"@type":"ListItem","position":2,"name":"Director of the Little Devices (MIT) delivered a Lecture for the Doctoral Program"}]},{"@type":"WebSite","@id":"https:\/\/gobierno.udd.cl\/dccs\/#website","url":"https:\/\/gobierno.udd.cl\/dccs\/","name":"Doctorado en Ciencias de la Complejidad Social","description":"Centro de Investigaci\u00f3n en Complejidad Social | UDD","inLanguage":"es"}]}},"featured_image_url":"https:\/\/gobierno.udd.cl\/dccs\/files\/2017\/10\/comienza-dccs.jpg","_links":{"self":[{"href":"https:\/\/gobierno.udd.cl\/dccs\/wp-json\/wp\/v2\/posts\/220","targetHints":{"allow":["GET"]}}],"collection":[{"href":"https:\/\/gobierno.udd.cl\/dccs\/wp-json\/wp\/v2\/posts"}],"about":[{"href":"https:\/\/gobierno.udd.cl\/dccs\/wp-json\/wp\/v2\/types\/post"}],"replies":[{"embeddable":true,"href":"https:\/\/gobierno.udd.cl\/dccs\/wp-json\/wp\/v2\/comments?post=220"}],"version-history":[{"count":0,"href":"https:\/\/gobierno.udd.cl\/dccs\/wp-json\/wp\/v2\/posts\/220\/revisions"}],"wp:featuredmedia":[{"embeddable":true,"href":"https:\/\/gobierno.udd.cl\/dccs\/wp-json\/wp\/v2\/media\/219"}],"wp:attachment":[{"href":"https:\/\/gobierno.udd.cl\/dccs\/wp-json\/wp\/v2\/media?parent=220"}],"wp:term":[{"taxonomy":"category","embeddable":true,"href":"https:\/\/gobierno.udd.cl\/dccs\/wp-json\/wp\/v2\/categories?post=220"},{"taxonomy":"post_tag","embeddable":true,"href":"https:\/\/gobierno.udd.cl\/dccs\/wp-json\/wp\/v2\/tags?post=220"}],"curies":[{"name":"wp","href":"https:\/\/api.w.org\/{rel}","templated":true}]}}