{"id":1872,"date":"2018-09-04T15:31:38","date_gmt":"2018-09-04T15:31:38","guid":{"rendered":"http:\/\/dccs.udd.cl\/?p=1872"},"modified":"2018-09-04T15:31:38","modified_gmt":"2018-09-04T15:31:38","slug":"a-succesful-first-day-of-the-ishe-2018-in-santiago","status":"publish","type":"post","link":"https:\/\/gobierno.udd.cl\/dccs\/2018\/09\/04\/a-succesful-first-day-of-the-ishe-2018-in-santiago\/","title":{"rendered":"A Succesful First Day of the ISHE 2018 in Santiago"},"content":{"rendered":"<p style=\"text-align: justify\"><span style=\"font-weight: 400\">The first day of the 24th World Congress of the<\/span> <span style=\"font-weight: 400\">International Society for Human Ethology (ISHE)<\/span> <span style=\"font-weight: 400\">2018, held at the Plaza San Francisco Hotel in Santiago de Chile, began with a large influx of visitors.<\/span><\/p>\n<p style=\"text-align: justify\"><span style=\"font-weight: 400\">The opening ceremony was attended by the Director of the CICS, Carlos Rodr\u00edguez-Sickert, the researchers and DCCS professors, Tamas David-Barrett and Ana Mar\u00eda Fern\u00e1ndez, as well as numerous academics and audience coming from various countries. <\/span><\/p>\n<p style=\"text-align: justify\"><span style=\"font-weight: 400\">After the ceremony, Sabine Tebbich launched her oral presentation \u00abBehavioral innovations in animals and humans\u00bb. The researcher from the University of Vienna, presented a theoretical framework that describes the interactions between underlying mechanisms, fitness benefits, and evolutionary significance of innovations and illustrate it with animal and human examples. <\/span><\/p>\n<p style=\"text-align: justify\"><span style=\"font-weight: 400\">Tebbich said that \u201cthese examples of animal innovation suggest, to some extent, that animals are akin to us in their ability to find novel solutions to problems\u201d. She added that \u00abbehavioural innovations have played an important role in our own evolutionary trajectory as well as in that of other animals.\u00bb<\/span><\/p>\n<p style=\"text-align: justify\"><span style=\"font-weight: 400\">In the following days, renowned researchers from Chile, China, United States, United Kingdom, Czech Republic, among other countries, will meet to share their research on the issue convened by Congress.<\/span><\/p>\n<figure id=\"attachment_1863\" aria-describedby=\"caption-attachment-1863\" style=\"width: 600px\" class=\"wp-caption aligncenter\"><a href=\"http:\/\/dccs.udd.cl\/files\/2018\/09\/DSC07206.jpg\"><img loading=\"lazy\" decoding=\"async\" class=\"wp-image-1863\" src=\"http:\/\/dccs.udd.cl\/files\/2018\/09\/DSC07206-300x225.jpg\" alt=\"\" width=\"600\" height=\"450\" \/><\/a><figcaption id=\"caption-attachment-1863\" class=\"wp-caption-text\">Opening Session. Plaza San Francisco Hotel, Santiago, Chile<\/figcaption><\/figure>\n<figure id=\"attachment_1865\" aria-describedby=\"caption-attachment-1865\" style=\"width: 600px\" class=\"wp-caption aligncenter\"><a href=\"http:\/\/dccs.udd.cl\/files\/2018\/09\/DSC07211.jpg\"><img loading=\"lazy\" decoding=\"async\" class=\"wp-image-1865\" src=\"http:\/\/dccs.udd.cl\/files\/2018\/09\/DSC07211-300x225.jpg\" alt=\"\" width=\"600\" height=\"450\" \/><\/a><figcaption id=\"caption-attachment-1865\" class=\"wp-caption-text\">Sabbine Tebbich, researcher from University of Vienna.<\/figcaption><\/figure>\n<figure id=\"attachment_1866\" aria-describedby=\"caption-attachment-1866\" style=\"width: 600px\" class=\"wp-caption aligncenter\"><a href=\"http:\/\/dccs.udd.cl\/files\/2018\/09\/DSC07212-e1536073699122.jpg\"><img loading=\"lazy\" decoding=\"async\" class=\"wp-image-1866\" src=\"http:\/\/dccs.udd.cl\/files\/2018\/09\/DSC07212-300x225.jpg\" alt=\"\" width=\"600\" height=\"450\" \/><\/a><figcaption id=\"caption-attachment-1866\" class=\"wp-caption-text\">Left to right: Carlos Redr\u00edguez-Sickert (CICS) and Tamas David-Barrett (DCCS professor)<\/figcaption><\/figure>\n<figure id=\"attachment_1867\" aria-describedby=\"caption-attachment-1867\" style=\"width: 600px\" class=\"wp-caption aligncenter\"><a href=\"http:\/\/dccs.udd.cl\/files\/2018\/09\/DSC07213.jpg\"><img loading=\"lazy\" decoding=\"async\" class=\"wp-image-1867\" src=\"http:\/\/dccs.udd.cl\/files\/2018\/09\/DSC07213-300x225.jpg\" alt=\"\" width=\"600\" height=\"450\" \/><\/a><figcaption id=\"caption-attachment-1867\" class=\"wp-caption-text\">DCCS students.<\/figcaption><\/figure>\n<figure id=\"attachment_1868\" aria-describedby=\"caption-attachment-1868\" style=\"width: 600px\" class=\"wp-caption aligncenter\"><a href=\"http:\/\/dccs.udd.cl\/files\/2018\/09\/DSC07215.jpg\"><img loading=\"lazy\" decoding=\"async\" class=\"wp-image-1868\" src=\"http:\/\/dccs.udd.cl\/files\/2018\/09\/DSC07215-300x225.jpg\" alt=\"\" width=\"600\" height=\"450\" \/><\/a><figcaption id=\"caption-attachment-1868\" class=\"wp-caption-text\">Cocktail recepction at Plaza San Francisco Hotel.<\/figcaption><\/figure>\n<figure id=\"attachment_1869\" aria-describedby=\"caption-attachment-1869\" style=\"width: 600px\" class=\"wp-caption aligncenter\"><a href=\"http:\/\/dccs.udd.cl\/files\/2018\/09\/DSC07210.jpg\"><img loading=\"lazy\" decoding=\"async\" class=\"wp-image-1869\" src=\"http:\/\/dccs.udd.cl\/files\/2018\/09\/DSC07210-300x225.jpg\" alt=\"\" width=\"600\" height=\"450\" \/><\/a><figcaption id=\"caption-attachment-1869\" class=\"wp-caption-text\">Opening.<\/figcaption><\/figure>\n","protected":false},"excerpt":{"rendered":"<p>The first day of the 24th World Congress of the International Society for Human Ethology (ISHE) 2018, held at the Plaza San Francisco Hotel in Santiago de Chile, began with a large influx of visitors. The opening ceremony was attended by the Director of the CICS, Carlos Rodr\u00edguez-Sickert, the researchers and DCCS professors, Tamas David-Barrett [&hellip;]<\/p>\n","protected":false},"author":0,"featured_media":1864,"comment_status":"open","ping_status":"open","sticky":false,"template":"","format":"standard","meta":{"footnotes":""},"categories":[105],"tags":[221,223,211,155,705,264,707,175],"class_list":["post-1872","post","type-post","status-publish","format-standard","has-post-thumbnail","hentry","category-news","tag-carlos-rodriguez-sickert-en","tag-cics-en","tag-conference-en","tag-dccs-en","tag-ethology","tag-isabel-behncke-en","tag-ishe-en","tag-research-en"],"yoast_head":"<!-- This site is optimized with the Yoast SEO plugin v26.9 - https:\/\/yoast.com\/product\/yoast-seo-wordpress\/ -->\n<title>A Succesful First Day of the ISHE 2018 in Santiago - Doctorado en Ciencias de la Complejidad Social<\/title>\n<meta name=\"robots\" content=\"index, follow, max-snippet:-1, max-image-preview:large, max-video-preview:-1\" \/>\n<link rel=\"canonical\" href=\"https:\/\/gobierno.udd.cl\/dccs\/2018\/09\/04\/a-succesful-first-day-of-the-ishe-2018-in-santiago\/\" \/>\n<meta property=\"og:locale\" content=\"es_ES\" \/>\n<meta property=\"og:type\" content=\"article\" \/>\n<meta property=\"og:title\" content=\"A Succesful First Day of the ISHE 2018 in Santiago - Doctorado en Ciencias de la Complejidad Social\" \/>\n<meta property=\"og:description\" content=\"The first day of the 24th World Congress of the International Society for Human Ethology (ISHE) 2018, held at the Plaza San Francisco Hotel in Santiago de Chile, began with a large influx of visitors. The opening ceremony was attended by the Director of the CICS, Carlos Rodr\u00edguez-Sickert, the researchers and DCCS professors, Tamas David-Barrett [&hellip;]\" \/>\n<meta property=\"og:url\" content=\"https:\/\/gobierno.udd.cl\/dccs\/2018\/09\/04\/a-succesful-first-day-of-the-ishe-2018-in-santiago\/\" \/>\n<meta property=\"og:site_name\" content=\"Doctorado en Ciencias de la Complejidad Social\" \/>\n<meta property=\"article:published_time\" content=\"2018-09-04T15:31:38+00:00\" \/>\n<meta property=\"og:image\" content=\"https:\/\/gobierno.udd.cl\/dccs\/files\/2018\/09\/dsc07208-scaled.jpg\" \/>\n\t<meta property=\"og:image:width\" content=\"2560\" \/>\n\t<meta property=\"og:image:height\" content=\"1920\" \/>\n\t<meta property=\"og:image:type\" content=\"image\/jpeg\" \/>\n<meta name=\"twitter:card\" content=\"summary_large_image\" \/>\n<meta name=\"twitter:label1\" content=\"Tiempo de lectura\" \/>\n\t<meta name=\"twitter:data1\" content=\"1 minuto\" \/>\n<script type=\"application\/ld+json\" class=\"yoast-schema-graph\">{\"@context\":\"https:\/\/schema.org\",\"@graph\":[{\"@type\":\"Article\",\"@id\":\"https:\/\/gobierno.udd.cl\/dccs\/2018\/09\/04\/a-succesful-first-day-of-the-ishe-2018-in-santiago\/#article\",\"isPartOf\":{\"@id\":\"https:\/\/gobierno.udd.cl\/dccs\/2018\/09\/04\/a-succesful-first-day-of-the-ishe-2018-in-santiago\/\"},\"author\":{\"name\":\"\",\"@id\":\"\"},\"headline\":\"A Succesful First Day of the ISHE 2018 in Santiago\",\"datePublished\":\"2018-09-04T15:31:38+00:00\",\"mainEntityOfPage\":{\"@id\":\"https:\/\/gobierno.udd.cl\/dccs\/2018\/09\/04\/a-succesful-first-day-of-the-ishe-2018-in-santiago\/\"},\"wordCount\":288,\"commentCount\":0,\"image\":{\"@id\":\"https:\/\/gobierno.udd.cl\/dccs\/2018\/09\/04\/a-succesful-first-day-of-the-ishe-2018-in-santiago\/#primaryimage\"},\"thumbnailUrl\":\"https:\/\/gobierno.udd.cl\/dccs\/files\/2018\/09\/dsc07208-scaled.jpg\",\"keywords\":[\"Carlos Rodriguez-Sickert\",\"CICS\",\"Conference\",\"DCCS\",\"Ethology\",\"Isabel Behncke\",\"ISHE\",\"Research\"],\"articleSection\":[\"News\"],\"inLanguage\":\"es\",\"potentialAction\":[{\"@type\":\"CommentAction\",\"name\":\"Comment\",\"target\":[\"https:\/\/gobierno.udd.cl\/dccs\/2018\/09\/04\/a-succesful-first-day-of-the-ishe-2018-in-santiago\/#respond\"]}]},{\"@type\":\"WebPage\",\"@id\":\"https:\/\/gobierno.udd.cl\/dccs\/2018\/09\/04\/a-succesful-first-day-of-the-ishe-2018-in-santiago\/\",\"url\":\"https:\/\/gobierno.udd.cl\/dccs\/2018\/09\/04\/a-succesful-first-day-of-the-ishe-2018-in-santiago\/\",\"name\":\"A Succesful First Day of the ISHE 2018 in Santiago - Doctorado en Ciencias de la Complejidad Social\",\"isPartOf\":{\"@id\":\"https:\/\/gobierno.udd.cl\/dccs\/#website\"},\"primaryImageOfPage\":{\"@id\":\"https:\/\/gobierno.udd.cl\/dccs\/2018\/09\/04\/a-succesful-first-day-of-the-ishe-2018-in-santiago\/#primaryimage\"},\"image\":{\"@id\":\"https:\/\/gobierno.udd.cl\/dccs\/2018\/09\/04\/a-succesful-first-day-of-the-ishe-2018-in-santiago\/#primaryimage\"},\"thumbnailUrl\":\"https:\/\/gobierno.udd.cl\/dccs\/files\/2018\/09\/dsc07208-scaled.jpg\",\"datePublished\":\"2018-09-04T15:31:38+00:00\",\"author\":{\"@id\":\"\"},\"breadcrumb\":{\"@id\":\"https:\/\/gobierno.udd.cl\/dccs\/2018\/09\/04\/a-succesful-first-day-of-the-ishe-2018-in-santiago\/#breadcrumb\"},\"inLanguage\":\"es\",\"potentialAction\":[{\"@type\":\"ReadAction\",\"target\":[\"https:\/\/gobierno.udd.cl\/dccs\/2018\/09\/04\/a-succesful-first-day-of-the-ishe-2018-in-santiago\/\"]}]},{\"@type\":\"ImageObject\",\"inLanguage\":\"es\",\"@id\":\"https:\/\/gobierno.udd.cl\/dccs\/2018\/09\/04\/a-succesful-first-day-of-the-ishe-2018-in-santiago\/#primaryimage\",\"url\":\"https:\/\/gobierno.udd.cl\/dccs\/files\/2018\/09\/dsc07208-scaled.jpg\",\"contentUrl\":\"https:\/\/gobierno.udd.cl\/dccs\/files\/2018\/09\/dsc07208-scaled.jpg\",\"width\":2560,\"height\":1920},{\"@type\":\"BreadcrumbList\",\"@id\":\"https:\/\/gobierno.udd.cl\/dccs\/2018\/09\/04\/a-succesful-first-day-of-the-ishe-2018-in-santiago\/#breadcrumb\",\"itemListElement\":[{\"@type\":\"ListItem\",\"position\":1,\"name\":\"Portada\",\"item\":\"https:\/\/gobierno.udd.cl\/dccs\/\"},{\"@type\":\"ListItem\",\"position\":2,\"name\":\"A Succesful First Day of the ISHE 2018 in Santiago\"}]},{\"@type\":\"WebSite\",\"@id\":\"https:\/\/gobierno.udd.cl\/dccs\/#website\",\"url\":\"https:\/\/gobierno.udd.cl\/dccs\/\",\"name\":\"Doctorado en Ciencias de la Complejidad Social\",\"description\":\"Centro de Investigaci\u00f3n en Complejidad Social | UDD\",\"inLanguage\":\"es\"}]}<\/script>\n<!-- \/ Yoast SEO plugin. -->","yoast_head_json":{"title":"A Succesful First Day of the ISHE 2018 in Santiago - Doctorado en Ciencias de la Complejidad Social","robots":{"index":"index","follow":"follow","max-snippet":"max-snippet:-1","max-image-preview":"max-image-preview:large","max-video-preview":"max-video-preview:-1"},"canonical":"https:\/\/gobierno.udd.cl\/dccs\/2018\/09\/04\/a-succesful-first-day-of-the-ishe-2018-in-santiago\/","og_locale":"es_ES","og_type":"article","og_title":"A Succesful First Day of the ISHE 2018 in Santiago - Doctorado en Ciencias de la Complejidad Social","og_description":"The first day of the 24th World Congress of the International Society for Human Ethology (ISHE) 2018, held at the Plaza San Francisco Hotel in Santiago de Chile, began with a large influx of visitors. The opening ceremony was attended by the Director of the CICS, Carlos Rodr\u00edguez-Sickert, the researchers and DCCS professors, Tamas David-Barrett [&hellip;]","og_url":"https:\/\/gobierno.udd.cl\/dccs\/2018\/09\/04\/a-succesful-first-day-of-the-ishe-2018-in-santiago\/","og_site_name":"Doctorado en Ciencias de la Complejidad Social","article_published_time":"2018-09-04T15:31:38+00:00","og_image":[{"width":2560,"height":1920,"url":"https:\/\/gobierno.udd.cl\/dccs\/files\/2018\/09\/dsc07208-scaled.jpg","type":"image\/jpeg"}],"twitter_card":"summary_large_image","twitter_misc":{"Tiempo de lectura":"1 minuto"},"schema":{"@context":"https:\/\/schema.org","@graph":[{"@type":"Article","@id":"https:\/\/gobierno.udd.cl\/dccs\/2018\/09\/04\/a-succesful-first-day-of-the-ishe-2018-in-santiago\/#article","isPartOf":{"@id":"https:\/\/gobierno.udd.cl\/dccs\/2018\/09\/04\/a-succesful-first-day-of-the-ishe-2018-in-santiago\/"},"author":{"name":"","@id":""},"headline":"A Succesful First Day of the ISHE 2018 in Santiago","datePublished":"2018-09-04T15:31:38+00:00","mainEntityOfPage":{"@id":"https:\/\/gobierno.udd.cl\/dccs\/2018\/09\/04\/a-succesful-first-day-of-the-ishe-2018-in-santiago\/"},"wordCount":288,"commentCount":0,"image":{"@id":"https:\/\/gobierno.udd.cl\/dccs\/2018\/09\/04\/a-succesful-first-day-of-the-ishe-2018-in-santiago\/#primaryimage"},"thumbnailUrl":"https:\/\/gobierno.udd.cl\/dccs\/files\/2018\/09\/dsc07208-scaled.jpg","keywords":["Carlos Rodriguez-Sickert","CICS","Conference","DCCS","Ethology","Isabel Behncke","ISHE","Research"],"articleSection":["News"],"inLanguage":"es","potentialAction":[{"@type":"CommentAction","name":"Comment","target":["https:\/\/gobierno.udd.cl\/dccs\/2018\/09\/04\/a-succesful-first-day-of-the-ishe-2018-in-santiago\/#respond"]}]},{"@type":"WebPage","@id":"https:\/\/gobierno.udd.cl\/dccs\/2018\/09\/04\/a-succesful-first-day-of-the-ishe-2018-in-santiago\/","url":"https:\/\/gobierno.udd.cl\/dccs\/2018\/09\/04\/a-succesful-first-day-of-the-ishe-2018-in-santiago\/","name":"A Succesful First Day of the ISHE 2018 in Santiago - Doctorado en Ciencias de la Complejidad Social","isPartOf":{"@id":"https:\/\/gobierno.udd.cl\/dccs\/#website"},"primaryImageOfPage":{"@id":"https:\/\/gobierno.udd.cl\/dccs\/2018\/09\/04\/a-succesful-first-day-of-the-ishe-2018-in-santiago\/#primaryimage"},"image":{"@id":"https:\/\/gobierno.udd.cl\/dccs\/2018\/09\/04\/a-succesful-first-day-of-the-ishe-2018-in-santiago\/#primaryimage"},"thumbnailUrl":"https:\/\/gobierno.udd.cl\/dccs\/files\/2018\/09\/dsc07208-scaled.jpg","datePublished":"2018-09-04T15:31:38+00:00","author":{"@id":""},"breadcrumb":{"@id":"https:\/\/gobierno.udd.cl\/dccs\/2018\/09\/04\/a-succesful-first-day-of-the-ishe-2018-in-santiago\/#breadcrumb"},"inLanguage":"es","potentialAction":[{"@type":"ReadAction","target":["https:\/\/gobierno.udd.cl\/dccs\/2018\/09\/04\/a-succesful-first-day-of-the-ishe-2018-in-santiago\/"]}]},{"@type":"ImageObject","inLanguage":"es","@id":"https:\/\/gobierno.udd.cl\/dccs\/2018\/09\/04\/a-succesful-first-day-of-the-ishe-2018-in-santiago\/#primaryimage","url":"https:\/\/gobierno.udd.cl\/dccs\/files\/2018\/09\/dsc07208-scaled.jpg","contentUrl":"https:\/\/gobierno.udd.cl\/dccs\/files\/2018\/09\/dsc07208-scaled.jpg","width":2560,"height":1920},{"@type":"BreadcrumbList","@id":"https:\/\/gobierno.udd.cl\/dccs\/2018\/09\/04\/a-succesful-first-day-of-the-ishe-2018-in-santiago\/#breadcrumb","itemListElement":[{"@type":"ListItem","position":1,"name":"Portada","item":"https:\/\/gobierno.udd.cl\/dccs\/"},{"@type":"ListItem","position":2,"name":"A Succesful First Day of the ISHE 2018 in Santiago"}]},{"@type":"WebSite","@id":"https:\/\/gobierno.udd.cl\/dccs\/#website","url":"https:\/\/gobierno.udd.cl\/dccs\/","name":"Doctorado en Ciencias de la Complejidad Social","description":"Centro de Investigaci\u00f3n en Complejidad Social | UDD","inLanguage":"es"}]}},"featured_image_url":"https:\/\/gobierno.udd.cl\/dccs\/files\/2018\/09\/dsc07208-scaled.jpg","_links":{"self":[{"href":"https:\/\/gobierno.udd.cl\/dccs\/wp-json\/wp\/v2\/posts\/1872","targetHints":{"allow":["GET"]}}],"collection":[{"href":"https:\/\/gobierno.udd.cl\/dccs\/wp-json\/wp\/v2\/posts"}],"about":[{"href":"https:\/\/gobierno.udd.cl\/dccs\/wp-json\/wp\/v2\/types\/post"}],"replies":[{"embeddable":true,"href":"https:\/\/gobierno.udd.cl\/dccs\/wp-json\/wp\/v2\/comments?post=1872"}],"version-history":[{"count":0,"href":"https:\/\/gobierno.udd.cl\/dccs\/wp-json\/wp\/v2\/posts\/1872\/revisions"}],"wp:featuredmedia":[{"embeddable":true,"href":"https:\/\/gobierno.udd.cl\/dccs\/wp-json\/wp\/v2\/media\/1864"}],"wp:attachment":[{"href":"https:\/\/gobierno.udd.cl\/dccs\/wp-json\/wp\/v2\/media?parent=1872"}],"wp:term":[{"taxonomy":"category","embeddable":true,"href":"https:\/\/gobierno.udd.cl\/dccs\/wp-json\/wp\/v2\/categories?post=1872"},{"taxonomy":"post_tag","embeddable":true,"href":"https:\/\/gobierno.udd.cl\/dccs\/wp-json\/wp\/v2\/tags?post=1872"}],"curies":[{"name":"wp","href":"https:\/\/api.w.org\/{rel}","templated":true}]}}