{"id":993,"date":"2015-06-11T08:08:00","date_gmt":"2015-06-11T11:08:00","guid":{"rendered":"http:\/\/gobierno.udd.cl\/cpp\/?p=993"},"modified":"2015-06-11T08:14:50","modified_gmt":"2015-06-11T11:14:50","slug":"el-debate-filosofico-en-la-historia-economica-seminario-de-humanidades-y-economia","status":"publish","type":"post","link":"https:\/\/gobierno.udd.cl\/cpp\/noticias\/2015\/06\/11\/el-debate-filosofico-en-la-historia-economica-seminario-de-humanidades-y-economia\/","title":{"rendered":"El debate filos\u00f3fico en la historia econ\u00f3mica: Seminario de Humanidades y Econom\u00eda"},"content":{"rendered":"<p style=\"text-align: justify;\"><a href=\"http:\/\/gobierno.udd.cl\/cpp\/files\/2015\/06\/destacada-pagina.jpg\"><img loading=\"lazy\" decoding=\"async\" class=\"alignnone size-medium wp-image-994\" alt=\"destacada pagina\" src=\"http:\/\/gobierno.udd.cl\/cpp\/files\/2015\/06\/destacada-pagina-300x196.jpg\" width=\"300\" height=\"196\" srcset=\"https:\/\/gobierno.udd.cl\/cpp\/files\/2015\/06\/destacada-pagina-300x196.jpg 300w, https:\/\/gobierno.udd.cl\/cpp\/files\/2015\/06\/destacada-pagina-1024x669.jpg 1024w, https:\/\/gobierno.udd.cl\/cpp\/files\/2015\/06\/destacada-pagina-660x430.jpg 660w, https:\/\/gobierno.udd.cl\/cpp\/files\/2015\/06\/destacada-pagina-960x628.jpg 960w, https:\/\/gobierno.udd.cl\/cpp\/files\/2015\/06\/destacada-pagina.jpg 1174w\" sizes=\"auto, (max-width: 300px) 100vw, 300px\" \/><\/a><\/p>\n<p style=\"text-align: justify;\">En el marco del Seminario de Humanidades y Ciencias Econ\u00f3micas, organizado por el <strong><a href=\"http:\/\/humanidades.udd.cl\/\" target=\"_blank\">Instituto de Humanidades <\/a><\/strong>y la <strong><a href=\"http:\/\/negocios.udd.cl\/\" target=\"_blank\">Facultad de Econom\u00eda y Negocios<\/a> <\/strong>de la Universidad del Desarrollo, el pr\u00f3ximo 9 de julio se realizar\u00e1 \u201cEl Debate Filos\u00f3fico en la Historia Econ\u00f3mica\u201d con\u00a0dos charlas te\u00f3ricas dictadas por Juan Pablo Couyoumdjian y Leonidas Montes, quienes dar\u00e1n una base para una posterior mesa de conversaci\u00f3n a la que se sumar\u00e1n Cristi\u00e1n Larroulet y Armando Roa Vial.<\/p>\n<p style=\"text-align: justify;\">En este seminario Juan Pablo Couyuomdijian dictar\u00e1 la conferencia titulada\u00a0\u00abHomo economicus y homo humanus en la historia de la econom\u00eda\u00bb. Por otra parte, Leonidas Montes expondr\u00e1 \u00abAdam Smith: Econom\u00eda y \u00c9tica\u00bb.<\/p>\n<p style=\"text-align: justify;\"><strong>El Seminario se realizar\u00e1 el 9 de julio desde las 18.30 hrs en el\u00a0Auditorio JPOST02 Edificio de Postgrado\u00a0<\/strong><\/p>\n<p style=\"text-align: justify;\">M\u00e1s info, <strong><a href=\"http:\/\/humanidades.udd.cl\/ver-seminario\/el-debate-filosofico-en-la-historia-economica\/\" target=\"_blank\">aqu\u00ed<\/a><\/strong><\/p>\n","protected":false},"excerpt":{"rendered":"<p>\u00abHomo economicus y homo humanus en la historia de la econom\u00eda\u00bb ser\u00e1 la charla que dictar\u00e1 el investigador del Centro de Pol\u00edticas P\u00fablicas y docente de la Facultad de Gobierno, Juan Pablo Couyoumdjian<\/p>\n","protected":false},"author":22,"featured_media":994,"comment_status":"open","ping_status":"open","sticky":false,"template":"","format":"standard","meta":{"footnotes":""},"categories":[4],"tags":[7383,10201,10151,10202,10203],"class_list":["post-993","post","type-post","status-publish","format-standard","has-post-thumbnail","hentry","category-noticias","tag-adam-smith","tag-economia","tag-etica","tag-juan-pablo-couyoumdjian","tag-leonidas-montes"],"featured_image_url":"https:\/\/gobierno.udd.cl\/cpp\/files\/2015\/06\/destacada-pagina.jpg","_links":{"self":[{"href":"https:\/\/gobierno.udd.cl\/cpp\/wp-json\/wp\/v2\/posts\/993","targetHints":{"allow":["GET"]}}],"collection":[{"href":"https:\/\/gobierno.udd.cl\/cpp\/wp-json\/wp\/v2\/posts"}],"about":[{"href":"https:\/\/gobierno.udd.cl\/cpp\/wp-json\/wp\/v2\/types\/post"}],"author":[{"embeddable":true,"href":"https:\/\/gobierno.udd.cl\/cpp\/wp-json\/wp\/v2\/users\/22"}],"replies":[{"embeddable":true,"href":"https:\/\/gobierno.udd.cl\/cpp\/wp-json\/wp\/v2\/comments?post=993"}],"version-history":[{"count":5,"href":"https:\/\/gobierno.udd.cl\/cpp\/wp-json\/wp\/v2\/posts\/993\/revisions"}],"predecessor-version":[{"id":996,"href":"https:\/\/gobierno.udd.cl\/cpp\/wp-json\/wp\/v2\/posts\/993\/revisions\/996"}],"wp:featuredmedia":[{"embeddable":true,"href":"https:\/\/gobierno.udd.cl\/cpp\/wp-json\/wp\/v2\/media\/994"}],"wp:attachment":[{"href":"https:\/\/gobierno.udd.cl\/cpp\/wp-json\/wp\/v2\/media?parent=993"}],"wp:term":[{"taxonomy":"category","embeddable":true,"href":"https:\/\/gobierno.udd.cl\/cpp\/wp-json\/wp\/v2\/categories?post=993"},{"taxonomy":"post_tag","embeddable":true,"href":"https:\/\/gobierno.udd.cl\/cpp\/wp-json\/wp\/v2\/tags?post=993"}],"curies":[{"name":"wp","href":"https:\/\/api.w.org\/{rel}","templated":true}]}}