{"id":989,"date":"2015-06-09T08:47:46","date_gmt":"2015-06-09T11:47:46","guid":{"rendered":"http:\/\/gobierno.udd.cl\/cpp\/?p=989"},"modified":"2015-06-09T08:47:46","modified_gmt":"2015-06-09T11:47:46","slug":"analisis-sobre-el-paro-docente-miguel-angel-fernandez","status":"publish","type":"post","link":"https:\/\/gobierno.udd.cl\/cpp\/noticias\/2015\/06\/09\/analisis-sobre-el-paro-docente-miguel-angel-fernandez\/","title":{"rendered":"An\u00e1lisis sobre el paro docente: Miguel \u00c1ngel Fern\u00e1ndez"},"content":{"rendered":"<p style=\"text-align: justify;\">Cuando el Gobierno siembra expectativas tan ambiciosas en su campa\u00f1a y su programa, de que va a responder a las demandas sociales de todos los grupos de inter\u00e9s que existen, estos grupos pueden esperar seis meses o un a\u00f1o. Pero cuando ven que no hay respuestas y que los gobiernos son cortos, tienden a poner en jaque al sistema pol\u00edtico a trav\u00e9s de movilizaciones.<\/p>\n<p style=\"text-align: justify;\">Ver nota completa <strong><a href=\"http:\/\/www.litoralpress.cl\/design3\/lpi\/mostrarjpg.asp?id=33609832,33609840,33609844&amp;idT=14582&amp;ve=1\" target=\"_blank\">La Segunda 03\/06\/2015<\/a><\/strong><\/p>\n","protected":false},"excerpt":{"rendered":"<p>Cuando el Gobierno siembra expectativas tan ambiciosas en su campa\u00f1a y su programa, de que va a responder a las demandas sociales de todos los grupos de inter\u00e9s que existen, estos grupos pueden esperar seis meses o un a\u00f1o. Pero cuando ven que no hay respuestas y que los gobiernos son cortos, tienden a poner [&hellip;]<\/p>\n","protected":false},"author":22,"featured_media":893,"comment_status":"open","ping_status":"open","sticky":false,"template":"","format":"standard","meta":{"footnotes":""},"categories":[10162],"tags":[],"class_list":["post-989","post","type-post","status-publish","format-standard","has-post-thumbnail","hentry","category-centro-en-la-prensa"],"featured_image_url":"https:\/\/gobierno.udd.cl\/cpp\/files\/2015\/05\/udd_cpp_prensa_340.png","_links":{"self":[{"href":"https:\/\/gobierno.udd.cl\/cpp\/wp-json\/wp\/v2\/posts\/989","targetHints":{"allow":["GET"]}}],"collection":[{"href":"https:\/\/gobierno.udd.cl\/cpp\/wp-json\/wp\/v2\/posts"}],"about":[{"href":"https:\/\/gobierno.udd.cl\/cpp\/wp-json\/wp\/v2\/types\/post"}],"author":[{"embeddable":true,"href":"https:\/\/gobierno.udd.cl\/cpp\/wp-json\/wp\/v2\/users\/22"}],"replies":[{"embeddable":true,"href":"https:\/\/gobierno.udd.cl\/cpp\/wp-json\/wp\/v2\/comments?post=989"}],"version-history":[{"count":2,"href":"https:\/\/gobierno.udd.cl\/cpp\/wp-json\/wp\/v2\/posts\/989\/revisions"}],"predecessor-version":[{"id":991,"href":"https:\/\/gobierno.udd.cl\/cpp\/wp-json\/wp\/v2\/posts\/989\/revisions\/991"}],"wp:featuredmedia":[{"embeddable":true,"href":"https:\/\/gobierno.udd.cl\/cpp\/wp-json\/wp\/v2\/media\/893"}],"wp:attachment":[{"href":"https:\/\/gobierno.udd.cl\/cpp\/wp-json\/wp\/v2\/media?parent=989"}],"wp:term":[{"taxonomy":"category","embeddable":true,"href":"https:\/\/gobierno.udd.cl\/cpp\/wp-json\/wp\/v2\/categories?post=989"},{"taxonomy":"post_tag","embeddable":true,"href":"https:\/\/gobierno.udd.cl\/cpp\/wp-json\/wp\/v2\/tags?post=989"}],"curies":[{"name":"wp","href":"https:\/\/api.w.org\/{rel}","templated":true}]}}