{"id":960,"date":"2015-05-28T09:23:44","date_gmt":"2015-05-28T12:23:44","guid":{"rendered":"http:\/\/gobierno.udd.cl\/cpp\/?p=960"},"modified":"2015-05-28T09:23:44","modified_gmt":"2015-05-28T12:23:44","slug":"entrevista-gonzalo-muller-en-el-mercurio-de-valparaiso","status":"publish","type":"post","link":"https:\/\/gobierno.udd.cl\/cpp\/noticias\/2015\/05\/28\/entrevista-gonzalo-muller-en-el-mercurio-de-valparaiso\/","title":{"rendered":"Entrevista a Gonzalo M\u00fcller en El Mercurio de Valpara\u00edso"},"content":{"rendered":"<p style=\"text-align: justify;\">Como \u00abun duro mea culpa de la Presidenta\u00bb -que se atrevi\u00f3 a descabezar a su equipo pol\u00edtico y econ\u00f3mico y con esto, ponerle una l\u00e1pida al \u00edntimo dise\u00f1o original de su gabinete inicial- define la decisi\u00f3n de la Mandataria de realizar un ajuste ministerial el analista y acad\u00e9mico de la <b>UDD<\/b>, Gonzalo M\u00fcller. Sin embargo, recalca no est\u00e1 dicha la \u00faltima palabra.<\/p>\n<p style=\"text-align: justify;\">Y es que m\u00e1s all\u00e1 que hablar de \u00abdi\u00e1logos y acuerdos\u00bb, conceptos que son, sin duda, una buena se\u00f1al, lo cierto es que para \u00e9l todo quedar\u00e1 despejado despu\u00e9s de escuchar el mensaje presidencial que lajefa de Estado entregar\u00e1 este jueves desde el Sal\u00f3n de Honor del Congreso Nacional. Una cuenta en la que m\u00e1s all\u00e1 de la evaluaci\u00f3n de sus 14 meses de gobierno \u00abdebiera tener un nuevo tono\u00bb que marque el inicio de la segunda etapa. \u00abSi no lo hace agrega-, seguir\u00e1 tropezando con la misma piedra\u00bb. Un mensaje que a nivel regional, subraya, debiera pronunciarse sobre d\u00f3nde deber\u00e1 construirse el megapuerto.<\/p>\n<p style=\"text-align: justify;\">Leer entrevista completa de Paola Passig en <strong><a href=\"http:\/\/www.litoralpress.cl\/design3\/lpi\/pdf3\/litoralpresspdf.aspx?ruta=clipsimages&amp;id=33448305,33448336,33448362&amp;idT=14582&amp;org=1&amp;ve=1\" target=\"_blank\">El Mercurio de Valparaiso 19\/05\/2015<\/a><\/strong><\/p>\n","protected":false},"excerpt":{"rendered":"<p>Como \u00abun duro mea culpa de la Presidenta\u00bb -que se atrevi\u00f3 a descabezar a su equipo pol\u00edtico y econ\u00f3mico y con esto, ponerle una l\u00e1pida al \u00edntimo dise\u00f1o original de su gabinete inicial- define la decisi\u00f3n de la Mandataria de realizar un ajuste ministerial el analista y acad\u00e9mico de la UDD, Gonzalo M\u00fcller. Sin embargo, [&hellip;]<\/p>\n","protected":false},"author":22,"featured_media":893,"comment_status":"open","ping_status":"open","sticky":false,"template":"","format":"standard","meta":{"footnotes":""},"categories":[10162],"tags":[20,10178,10177],"class_list":["post-960","post","type-post","status-publish","format-standard","has-post-thumbnail","hentry","category-centro-en-la-prensa","tag-el-mercurio","tag-megapuerto","tag-valparaiso"],"featured_image_url":"https:\/\/gobierno.udd.cl\/cpp\/files\/2015\/05\/udd_cpp_prensa_340.png","_links":{"self":[{"href":"https:\/\/gobierno.udd.cl\/cpp\/wp-json\/wp\/v2\/posts\/960","targetHints":{"allow":["GET"]}}],"collection":[{"href":"https:\/\/gobierno.udd.cl\/cpp\/wp-json\/wp\/v2\/posts"}],"about":[{"href":"https:\/\/gobierno.udd.cl\/cpp\/wp-json\/wp\/v2\/types\/post"}],"author":[{"embeddable":true,"href":"https:\/\/gobierno.udd.cl\/cpp\/wp-json\/wp\/v2\/users\/22"}],"replies":[{"embeddable":true,"href":"https:\/\/gobierno.udd.cl\/cpp\/wp-json\/wp\/v2\/comments?post=960"}],"version-history":[{"count":1,"href":"https:\/\/gobierno.udd.cl\/cpp\/wp-json\/wp\/v2\/posts\/960\/revisions"}],"predecessor-version":[{"id":961,"href":"https:\/\/gobierno.udd.cl\/cpp\/wp-json\/wp\/v2\/posts\/960\/revisions\/961"}],"wp:featuredmedia":[{"embeddable":true,"href":"https:\/\/gobierno.udd.cl\/cpp\/wp-json\/wp\/v2\/media\/893"}],"wp:attachment":[{"href":"https:\/\/gobierno.udd.cl\/cpp\/wp-json\/wp\/v2\/media?parent=960"}],"wp:term":[{"taxonomy":"category","embeddable":true,"href":"https:\/\/gobierno.udd.cl\/cpp\/wp-json\/wp\/v2\/categories?post=960"},{"taxonomy":"post_tag","embeddable":true,"href":"https:\/\/gobierno.udd.cl\/cpp\/wp-json\/wp\/v2\/tags?post=960"}],"curies":[{"name":"wp","href":"https:\/\/api.w.org\/{rel}","templated":true}]}}