{"id":945,"date":"2015-05-26T10:17:55","date_gmt":"2015-05-26T13:17:55","guid":{"rendered":"http:\/\/gobierno.udd.cl\/cpp\/?p=945"},"modified":"2015-05-26T10:17:55","modified_gmt":"2015-05-26T13:17:55","slug":"miguel-angel-fernandez-destaco-poco-contenido-y-ambiguedad-en-cuenta-publica-2015","status":"publish","type":"post","link":"https:\/\/gobierno.udd.cl\/cpp\/noticias\/2015\/05\/26\/miguel-angel-fernandez-destaco-poco-contenido-y-ambiguedad-en-cuenta-publica-2015\/","title":{"rendered":"Miguel \u00c1ngel Fern\u00e1ndez destac\u00f3 \u00abpoco contenido\u00bb y \u00abambig\u00fcedad\u00bb en cuenta p\u00fablica 2015"},"content":{"rendered":"<p style=\"text-align: justify;\">En entrevista con CNN Chile,\u00a0<b>e<\/b><b>l director de Estudio de La Lupa, Miguel \u00c1ngel Fern\u00e1ndez<\/b>, analiz\u00f3 cu\u00e1l es la opini\u00f3n de la ciudadan\u00eda respecto a la gesti\u00f3n de la mandataria, la crisis que vive el sistema pol\u00edtico, y el mensaje presidencial 2015.<\/p>\n<p>\u00abLa Presidenta parti\u00f3 haciendo un reconocimiento de los errores en su gesti\u00f3n, tratando de mostrar un poco de humildad. Algo que se necesita en pol\u00edtica hoy en d\u00eda\u00bb, expres\u00f3.<\/p>\n<p>Respecto al contenido de sus anuncios, destac\u00f3 una \u00abambig\u00fcedad en el discurso\u00bb, enfatizando en que Chile \u00abnecesita un an\u00e1lisis humilde y profundo sobre la realidad que vivimos en un pa\u00eds que est\u00e1 quebrado b\u00e1sicamente\u00bb.<\/p>\n<p style=\"text-align: justify;\">\n<p><iframe loading=\"lazy\" width=\"640\" height=\"390\" src=\"https:\/\/www.youtube.com\/embed\/tK_sETd7vd0\" frameborder=\"0\" allowfullscreen><\/iframe><\/p>\n","protected":false},"excerpt":{"rendered":"<p>En entrevista con CNN Chile,\u00a0el director de Estudio de La Lupa, Miguel \u00c1ngel Fern\u00e1ndez, analiz\u00f3 cu\u00e1l es la opini\u00f3n de la ciudadan\u00eda respecto a la gesti\u00f3n de la mandataria, la crisis que vive el sistema pol\u00edtico, y el mensaje presidencial 2015. \u00abLa Presidenta parti\u00f3 haciendo un reconocimiento de los errores en su gesti\u00f3n, tratando de [&hellip;]<\/p>\n","protected":false},"author":22,"featured_media":893,"comment_status":"open","ping_status":"open","sticky":false,"template":"","format":"standard","meta":{"footnotes":""},"categories":[10162],"tags":[9974,9973,11825],"class_list":["post-945","post","type-post","status-publish","format-standard","has-post-thumbnail","hentry","category-centro-en-la-prensa","tag-21-de-mayo","tag-discurso-presidencial","tag-la-lupa-del-cumplimiento"],"featured_image_url":"https:\/\/gobierno.udd.cl\/cpp\/files\/2015\/05\/udd_cpp_prensa_340.png","_links":{"self":[{"href":"https:\/\/gobierno.udd.cl\/cpp\/wp-json\/wp\/v2\/posts\/945","targetHints":{"allow":["GET"]}}],"collection":[{"href":"https:\/\/gobierno.udd.cl\/cpp\/wp-json\/wp\/v2\/posts"}],"about":[{"href":"https:\/\/gobierno.udd.cl\/cpp\/wp-json\/wp\/v2\/types\/post"}],"author":[{"embeddable":true,"href":"https:\/\/gobierno.udd.cl\/cpp\/wp-json\/wp\/v2\/users\/22"}],"replies":[{"embeddable":true,"href":"https:\/\/gobierno.udd.cl\/cpp\/wp-json\/wp\/v2\/comments?post=945"}],"version-history":[{"count":1,"href":"https:\/\/gobierno.udd.cl\/cpp\/wp-json\/wp\/v2\/posts\/945\/revisions"}],"predecessor-version":[{"id":946,"href":"https:\/\/gobierno.udd.cl\/cpp\/wp-json\/wp\/v2\/posts\/945\/revisions\/946"}],"wp:featuredmedia":[{"embeddable":true,"href":"https:\/\/gobierno.udd.cl\/cpp\/wp-json\/wp\/v2\/media\/893"}],"wp:attachment":[{"href":"https:\/\/gobierno.udd.cl\/cpp\/wp-json\/wp\/v2\/media?parent=945"}],"wp:term":[{"taxonomy":"category","embeddable":true,"href":"https:\/\/gobierno.udd.cl\/cpp\/wp-json\/wp\/v2\/categories?post=945"},{"taxonomy":"post_tag","embeddable":true,"href":"https:\/\/gobierno.udd.cl\/cpp\/wp-json\/wp\/v2\/tags?post=945"}],"curies":[{"name":"wp","href":"https:\/\/api.w.org\/{rel}","templated":true}]}}