{"id":941,"date":"2015-05-26T09:45:19","date_gmt":"2015-05-26T12:45:19","guid":{"rendered":"http:\/\/gobierno.udd.cl\/cpp\/?p=941"},"modified":"2015-05-26T09:46:24","modified_gmt":"2015-05-26T12:46:24","slug":"discurso-presidencial-destino-final-por-isabel-rodriguez","status":"publish","type":"post","link":"https:\/\/gobierno.udd.cl\/cpp\/noticias\/2015\/05\/26\/discurso-presidencial-destino-final-por-isabel-rodriguez\/","title":{"rendered":"Discurso Presidencial \u00bfDestino final? por Isabel Rodr\u00edguez"},"content":{"rendered":"<div>\n<div>\n<div>\n<p style=\"text-align: justify;\">Hoy Michelle Bachelet realiz\u00f3 su cuenta anual de cara a la ciudadan\u00eda, instancia que deb\u00eda ser un broche de oro para terminar de reordenar la casa luego del cambio de sus ministros, las promesas cumplidas, y sus nuevos anuncios como la reforma constitucional. Con ello, hoy 21 de mayo deb\u00eda darse inicio a una nueva etapa de gobierno que sintonizar\u00e1 a la Nueva Mayor\u00eda hacia un proyecto com\u00fan y que este proyecto fuera comprendido por la ciudadan\u00eda. No obstante el discurso no ha dejado contento a muchos actores y el diagn\u00f3stico ha sido de ambig\u00fcedad sobre lo que se viene, en el sentido que el discurso tuvo mucho de cuenta p\u00fablica y poco de definiciones sobre el destino final de su gobierno. Tambi\u00e9n se esperaba que la Presidenta hiciera un mea culpa sobre los problemas de la pol\u00edtica en el pa\u00eds y que son en gran parte responsabilidad del hacer y no hacer de su gobierno. Al respecto, no se hace cargo de la responsabilidad del gobierno en la situaci\u00f3n pol\u00edtica del pa\u00eds: crisis de confianza, corrupci\u00f3n y descr\u00e9dito de la pol\u00edtica.<\/p>\n<p style=\"text-align: justify;\">En concreto, no fue un discurso medi\u00e1tico que enfatizara ciertos t\u00f3picos claves y reposicionara su liderazgo, tampoco fue un discurso de conducci\u00f3n hacia lo que viene. El destino final entonces parece ser que es concretar las reformas ya anunciadas pero no se detalla el camino para llegar a eso. Ejemplo es lo poco que se dijo sobre la Reforma a la Constituci\u00f3n, es decir, se reafirm\u00f3 el destino final pero no se precis\u00f3 nada respecto a como esto se llevar\u00e1 a cabo, lo mismo en relaci\u00f3n a aumentar el crecimiento econ\u00f3mico del pa\u00eds, en cuanto se resalt\u00f3 el logro pero no se indicaron medidas concretas para la reactivaci\u00f3n del pa\u00eds tan necesarias.<\/p>\n<p style=\"text-align: justify;\">Lo \u00fanico transversal en este discurso y reconocido por todos los actores fue el llamado al di\u00e1logo y a los acuerdos. Lo anterior pudo ser una estrategia, es decir, no marcar la agenda con claridad as\u00ed las cr\u00edticas no se hilar\u00edan con posterioridad al discurso cuestionando y generando disenso sobre el c\u00f3mo llegar a destino. As\u00ed, el resultado ha sido que hemos estado hablando de lo que no se dijo en el discurso.<\/p>\n<p style=\"text-align: justify;\">En consecuencia, hay que destacar el detalle en el discurso sobre todo lo logrado con principal \u00e9nfasis en lo social, pero hay que reconocer que lo que viene es poco claro, incluso lo que el gobierno puede entender como di\u00e1logo es ambiguo. Si hay un destino final en las promesas del gobierno que quedan por cumplir, nos acompa\u00f1a mientras tanto la incertidumbre sobre como estas ser\u00e1n llevadas a cabo.<\/p>\n<p style=\"text-align: justify;\">Columna publicada en <strong><a href=\"http:\/\/lalupadelcumplimiento.cl\/columnas\/discurso-presidencial-destino-final\/\" target=\"_blank\">www.lalupadelcumplimiento.cl<\/a><\/strong><\/p>\n<\/div>\n<\/div>\n<\/div>\n","protected":false},"excerpt":{"rendered":"<p>Hoy Michelle Bachelet realiz\u00f3 su cuenta anual de cara a la ciudadan\u00eda, instancia que deb\u00eda ser un broche de oro para terminar de reordenar la casa luego del cambio de sus ministros, las promesas cumplidas, y sus nuevos anuncios como la reforma constitucional. Con ello, hoy 21 de mayo deb\u00eda darse inicio a una nueva [&hellip;]<\/p>\n","protected":false},"author":22,"featured_media":893,"comment_status":"open","ping_status":"open","sticky":false,"template":"","format":"standard","meta":{"footnotes":""},"categories":[10162],"tags":[9974,9973,11825],"class_list":["post-941","post","type-post","status-publish","format-standard","has-post-thumbnail","hentry","category-centro-en-la-prensa","tag-21-de-mayo","tag-discurso-presidencial","tag-la-lupa-del-cumplimiento"],"featured_image_url":"https:\/\/gobierno.udd.cl\/cpp\/files\/2015\/05\/udd_cpp_prensa_340.png","_links":{"self":[{"href":"https:\/\/gobierno.udd.cl\/cpp\/wp-json\/wp\/v2\/posts\/941","targetHints":{"allow":["GET"]}}],"collection":[{"href":"https:\/\/gobierno.udd.cl\/cpp\/wp-json\/wp\/v2\/posts"}],"about":[{"href":"https:\/\/gobierno.udd.cl\/cpp\/wp-json\/wp\/v2\/types\/post"}],"author":[{"embeddable":true,"href":"https:\/\/gobierno.udd.cl\/cpp\/wp-json\/wp\/v2\/users\/22"}],"replies":[{"embeddable":true,"href":"https:\/\/gobierno.udd.cl\/cpp\/wp-json\/wp\/v2\/comments?post=941"}],"version-history":[{"count":3,"href":"https:\/\/gobierno.udd.cl\/cpp\/wp-json\/wp\/v2\/posts\/941\/revisions"}],"predecessor-version":[{"id":943,"href":"https:\/\/gobierno.udd.cl\/cpp\/wp-json\/wp\/v2\/posts\/941\/revisions\/943"}],"wp:featuredmedia":[{"embeddable":true,"href":"https:\/\/gobierno.udd.cl\/cpp\/wp-json\/wp\/v2\/media\/893"}],"wp:attachment":[{"href":"https:\/\/gobierno.udd.cl\/cpp\/wp-json\/wp\/v2\/media?parent=941"}],"wp:term":[{"taxonomy":"category","embeddable":true,"href":"https:\/\/gobierno.udd.cl\/cpp\/wp-json\/wp\/v2\/categories?post=941"},{"taxonomy":"post_tag","embeddable":true,"href":"https:\/\/gobierno.udd.cl\/cpp\/wp-json\/wp\/v2\/tags?post=941"}],"curies":[{"name":"wp","href":"https:\/\/api.w.org\/{rel}","templated":true}]}}