{"id":939,"date":"2015-05-26T09:20:34","date_gmt":"2015-05-26T12:20:34","guid":{"rendered":"http:\/\/gobierno.udd.cl\/cpp\/?p=939"},"modified":"2015-05-26T09:20:34","modified_gmt":"2015-05-26T12:20:34","slug":"francesca-parodi-analiza-discurso-del-21-de-mayo","status":"publish","type":"post","link":"https:\/\/gobierno.udd.cl\/cpp\/noticias\/2015\/05\/26\/francesca-parodi-analiza-discurso-del-21-de-mayo\/","title":{"rendered":"Francesca Parodi analiza discurso del 21 de mayo"},"content":{"rendered":"<p style=\"text-align: justify;\">La experta en marketing pol\u00edtico de la\u00a0<b>Universidad del Desarrollo<\/b>\u00a0Francesca Parodi, se\u00f1al\u00f3 \u00abque el discurso fue m\u00e1s bien tibio, de alguna manera trat\u00f3 de mantener el esp\u00edritu reformista que tiene el Gobierno, pero resalt\u00f3 mucho las palabras de consenso- y -di\u00e1logo-, por lo que matiza un poco con el discurso del 2 1 de mayo pasado. Por otra parte eso podr\u00eda venir ligado con el cambio de tim\u00f3n pol\u00edtico que tuvo su gabinete\u00bb.<\/p>\n<p style=\"text-align: justify;\">Parodi adem\u00e1s agreg\u00f3 que \u00abse le vio inc\u00f3moda en este discurso, creo que le falt\u00f3 bastante soltarse comunicacionalmente. Se solt\u00f3 m\u00e1s cuando habl\u00f3 de Chile como organizador de la Copa Am\u00e9rica. Creo que perdi\u00f3 una oportunidad importante para reafirmar su liderazgo en las materias de probidad\u00bb.<\/p>\n<p style=\"text-align: justify;\">Revisar nota completa publicada en\u00a0<strong><a href=\"http:\/\/www.litoralpress.cl\/design3\/lpi\/mostrarjpg.asp?id=33475813,33475822,33475828,33475830,33475831,33475832,33475834,33475837&amp;idT=14582&amp;ve=1\" target=\"_blank\">El Diario de Concepci\u00f3n 22\/05\/2015<\/a><\/strong><\/p>\n","protected":false},"excerpt":{"rendered":"<p>La experta en marketing pol\u00edtico de la\u00a0Universidad del Desarrollo\u00a0Francesca Parodi, se\u00f1al\u00f3 \u00abque el discurso fue m\u00e1s bien tibio, de alguna manera trat\u00f3 de mantener el esp\u00edritu reformista que tiene el Gobierno, pero resalt\u00f3 mucho las palabras de consenso- y -di\u00e1logo-, por lo que matiza un poco con el discurso del 2 1 de mayo pasado. [&hellip;]<\/p>\n","protected":false},"author":22,"featured_media":893,"comment_status":"open","ping_status":"open","sticky":false,"template":"","format":"standard","meta":{"footnotes":""},"categories":[10162],"tags":[9974,9973,9625],"class_list":["post-939","post","type-post","status-publish","format-standard","has-post-thumbnail","hentry","category-centro-en-la-prensa","tag-21-de-mayo","tag-discurso-presidencial","tag-michelle-bachelet"],"featured_image_url":"https:\/\/gobierno.udd.cl\/cpp\/files\/2015\/05\/udd_cpp_prensa_340.png","_links":{"self":[{"href":"https:\/\/gobierno.udd.cl\/cpp\/wp-json\/wp\/v2\/posts\/939","targetHints":{"allow":["GET"]}}],"collection":[{"href":"https:\/\/gobierno.udd.cl\/cpp\/wp-json\/wp\/v2\/posts"}],"about":[{"href":"https:\/\/gobierno.udd.cl\/cpp\/wp-json\/wp\/v2\/types\/post"}],"author":[{"embeddable":true,"href":"https:\/\/gobierno.udd.cl\/cpp\/wp-json\/wp\/v2\/users\/22"}],"replies":[{"embeddable":true,"href":"https:\/\/gobierno.udd.cl\/cpp\/wp-json\/wp\/v2\/comments?post=939"}],"version-history":[{"count":1,"href":"https:\/\/gobierno.udd.cl\/cpp\/wp-json\/wp\/v2\/posts\/939\/revisions"}],"predecessor-version":[{"id":940,"href":"https:\/\/gobierno.udd.cl\/cpp\/wp-json\/wp\/v2\/posts\/939\/revisions\/940"}],"wp:featuredmedia":[{"embeddable":true,"href":"https:\/\/gobierno.udd.cl\/cpp\/wp-json\/wp\/v2\/media\/893"}],"wp:attachment":[{"href":"https:\/\/gobierno.udd.cl\/cpp\/wp-json\/wp\/v2\/media?parent=939"}],"wp:term":[{"taxonomy":"category","embeddable":true,"href":"https:\/\/gobierno.udd.cl\/cpp\/wp-json\/wp\/v2\/categories?post=939"},{"taxonomy":"post_tag","embeddable":true,"href":"https:\/\/gobierno.udd.cl\/cpp\/wp-json\/wp\/v2\/tags?post=939"}],"curies":[{"name":"wp","href":"https:\/\/api.w.org\/{rel}","templated":true}]}}