{"id":914,"date":"2015-05-19T08:35:18","date_gmt":"2015-05-19T11:35:18","guid":{"rendered":"http:\/\/gobierno.udd.cl\/cpp\/?p=914"},"modified":"2015-05-19T08:35:18","modified_gmt":"2015-05-19T11:35:18","slug":"debate-reforma-laboral-en-cpp","status":"publish","type":"post","link":"https:\/\/gobierno.udd.cl\/cpp\/noticias\/2015\/05\/19\/debate-reforma-laboral-en-cpp\/","title":{"rendered":"Debate Reforma Laboral en CPP"},"content":{"rendered":"<p style=\"text-align: justify;\">Un gran debate realiz\u00f3 el Centro de Pol\u00edticas P\u00fablicas (CPP) de la <b>UDD<\/b> sobre la reforma laboral. Con la pregunta \u00bfBeneficia a los trabajadores? el subsecretario del Trabajo, Francisco D\u00edaz, y el economista Bernardo Fontaine, conversaron sobre las fortalezas y debilidades del proyecto que actualmente impulsa el Gobierno.<\/p>\n<p style=\"text-align: justify;\">Revisa las fotos de sociales en <strong><a href=\"http:\/\/www.litoralpress.cl\/infocom\/preview\/Grande.aspx?image=..\/clipsimages\/2015\/05\/15\/01FDDD49.JPG\" target=\"_blank\">Revista Capital<\/a><\/strong><\/p>\n","protected":false},"excerpt":{"rendered":"<p>Un gran debate realiz\u00f3 el Centro de Pol\u00edticas P\u00fablicas (CPP) de la UDD sobre la reforma laboral. Con la pregunta \u00bfBeneficia a los trabajadores? el subsecretario del Trabajo, Francisco D\u00edaz, y el economista Bernardo Fontaine, conversaron sobre las fortalezas y debilidades del proyecto que actualmente impulsa el Gobierno. Revisa las fotos de sociales en Revista [&hellip;]<\/p>\n","protected":false},"author":22,"featured_media":893,"comment_status":"open","ping_status":"open","sticky":false,"template":"","format":"standard","meta":{"footnotes":""},"categories":[10162],"tags":[9945,11824,9944,10163,9941],"class_list":["post-914","post","type-post","status-publish","format-standard","has-post-thumbnail","hentry","category-centro-en-la-prensa","tag-bernardo-fontaine","tag-cpp","tag-francisco-diaz","tag-laboral","tag-reforma-laboral"],"featured_image_url":"https:\/\/gobierno.udd.cl\/cpp\/files\/2015\/05\/udd_cpp_prensa_340.png","_links":{"self":[{"href":"https:\/\/gobierno.udd.cl\/cpp\/wp-json\/wp\/v2\/posts\/914","targetHints":{"allow":["GET"]}}],"collection":[{"href":"https:\/\/gobierno.udd.cl\/cpp\/wp-json\/wp\/v2\/posts"}],"about":[{"href":"https:\/\/gobierno.udd.cl\/cpp\/wp-json\/wp\/v2\/types\/post"}],"author":[{"embeddable":true,"href":"https:\/\/gobierno.udd.cl\/cpp\/wp-json\/wp\/v2\/users\/22"}],"replies":[{"embeddable":true,"href":"https:\/\/gobierno.udd.cl\/cpp\/wp-json\/wp\/v2\/comments?post=914"}],"version-history":[{"count":1,"href":"https:\/\/gobierno.udd.cl\/cpp\/wp-json\/wp\/v2\/posts\/914\/revisions"}],"predecessor-version":[{"id":915,"href":"https:\/\/gobierno.udd.cl\/cpp\/wp-json\/wp\/v2\/posts\/914\/revisions\/915"}],"wp:featuredmedia":[{"embeddable":true,"href":"https:\/\/gobierno.udd.cl\/cpp\/wp-json\/wp\/v2\/media\/893"}],"wp:attachment":[{"href":"https:\/\/gobierno.udd.cl\/cpp\/wp-json\/wp\/v2\/media?parent=914"}],"wp:term":[{"taxonomy":"category","embeddable":true,"href":"https:\/\/gobierno.udd.cl\/cpp\/wp-json\/wp\/v2\/categories?post=914"},{"taxonomy":"post_tag","embeddable":true,"href":"https:\/\/gobierno.udd.cl\/cpp\/wp-json\/wp\/v2\/tags?post=914"}],"curies":[{"name":"wp","href":"https:\/\/api.w.org\/{rel}","templated":true}]}}