{"id":888,"date":"2015-05-12T20:09:23","date_gmt":"2015-05-12T23:09:23","guid":{"rendered":"http:\/\/gobierno.udd.cl\/cpp\/?p=888"},"modified":"2015-05-19T08:15:29","modified_gmt":"2015-05-19T11:15:29","slug":"reforma-laboral-al-pizarron-diaz-y-fontaine-se-enfrentan-por-sus-alcances","status":"publish","type":"post","link":"https:\/\/gobierno.udd.cl\/cpp\/noticias\/2015\/05\/12\/reforma-laboral-al-pizarron-diaz-y-fontaine-se-enfrentan-por-sus-alcances\/","title":{"rendered":"Reforma Laboral al Pizarr\u00f3n: D\u00edaz y Fontaine se enfrentan por sus alcances"},"content":{"rendered":"<p>La presidenta Michelle Bachelet la ha catalogado en sus intervenciones recientes como una de las reformas m\u00e1s importantes de su per\u00edodo de gobierno. La pr\u00f3xima semana, el proyecto que moderniza las relaciones laborales entra en su recta final en el debate en particular en la comisi\u00f3n de Trabajo de la C\u00e1mara de Diputados. Mientras tanto, la iniciativa todav\u00eda es materia de debate acad\u00e9mico respecto de sus alcances.<\/p>\n<p>En la actividad organizada por la Facultad de Gobierno de la Universidad del Desarrollo, el subsecretario del Trabajo Francisco D\u00edaz y el economista Bernardo Fontaine se enfrentaron en una intensa discusi\u00f3n t\u00e9cnica sobre los pro y los contra de la reforma laboral en la econom\u00eda y el desarrollo del pa\u00eds.<\/p>\n<p>\u201cNo hay evidencia de que haya un conflicto laboral mayor, alrededor de un 84% de los trabajadores seg\u00fan las encuestas de la Direcci\u00f3n del Trabajo dice que est\u00e1n satisfechos con la \u00faltima negociaci\u00f3n colectiva, mientras que los que no est\u00e1n en el sindicato tambi\u00e9n est\u00e1n de acuerdo con la negociaci\u00f3n colectiva m\u00e1s o menos en el mismo porcentaje\u201d, dijo Fontaine.<\/p>\n<p>Para ver el resumen del debate publicado en el\u00a0<strong><a href=\"http:\/\/www.litoralpress.cl\/design3\/lpi\/mostrarjpg.asp?id=33341703,33341704,33341705,33341708&amp;idT=14582&amp;ve=1\" target=\"_blank\">Diario Financiero 8\/05\/2015<\/a><\/strong><\/p>\n","protected":false},"excerpt":{"rendered":"<p>\u201cTenemos una legislaci\u00f3n que no cumple con los est\u00e1ndares internacionales razonables. \u00bfAyuda la sindicalizaci\u00f3n y la cobertura colectiva a reducir la desigualdad? Nuestra respuesta es que s\u00ed ayuda\u201d. Ese fue el primer planteamiento que realiz\u00f3 el subsecretario del Trabajo, Francisco D\u00edaz, en el debate Reforma Laboral organizado por la Facultad de Gobierno de la UDD<\/p>\n","protected":false},"author":22,"featured_media":893,"comment_status":"open","ping_status":"open","sticky":false,"template":"","format":"standard","meta":{"footnotes":""},"categories":[10162],"tags":[],"class_list":["post-888","post","type-post","status-publish","format-standard","has-post-thumbnail","hentry","category-centro-en-la-prensa"],"featured_image_url":"https:\/\/gobierno.udd.cl\/cpp\/files\/2015\/05\/udd_cpp_prensa_340.png","_links":{"self":[{"href":"https:\/\/gobierno.udd.cl\/cpp\/wp-json\/wp\/v2\/posts\/888","targetHints":{"allow":["GET"]}}],"collection":[{"href":"https:\/\/gobierno.udd.cl\/cpp\/wp-json\/wp\/v2\/posts"}],"about":[{"href":"https:\/\/gobierno.udd.cl\/cpp\/wp-json\/wp\/v2\/types\/post"}],"author":[{"embeddable":true,"href":"https:\/\/gobierno.udd.cl\/cpp\/wp-json\/wp\/v2\/users\/22"}],"replies":[{"embeddable":true,"href":"https:\/\/gobierno.udd.cl\/cpp\/wp-json\/wp\/v2\/comments?post=888"}],"version-history":[{"count":5,"href":"https:\/\/gobierno.udd.cl\/cpp\/wp-json\/wp\/v2\/posts\/888\/revisions"}],"predecessor-version":[{"id":907,"href":"https:\/\/gobierno.udd.cl\/cpp\/wp-json\/wp\/v2\/posts\/888\/revisions\/907"}],"wp:featuredmedia":[{"embeddable":true,"href":"https:\/\/gobierno.udd.cl\/cpp\/wp-json\/wp\/v2\/media\/893"}],"wp:attachment":[{"href":"https:\/\/gobierno.udd.cl\/cpp\/wp-json\/wp\/v2\/media?parent=888"}],"wp:term":[{"taxonomy":"category","embeddable":true,"href":"https:\/\/gobierno.udd.cl\/cpp\/wp-json\/wp\/v2\/categories?post=888"},{"taxonomy":"post_tag","embeddable":true,"href":"https:\/\/gobierno.udd.cl\/cpp\/wp-json\/wp\/v2\/tags?post=888"}],"curies":[{"name":"wp","href":"https:\/\/api.w.org\/{rel}","templated":true}]}}