{"id":886,"date":"2015-05-05T20:08:38","date_gmt":"2015-05-05T23:08:38","guid":{"rendered":"http:\/\/gobierno.udd.cl\/cpp\/?p=886"},"modified":"2017-02-20T16:29:34","modified_gmt":"2017-02-20T19:29:34","slug":"corrupcion-y-cambios-constitucionales-por-jose-de-la-cruz-garrido-2","status":"publish","type":"post","link":"https:\/\/gobierno.udd.cl\/cpp\/noticias\/2015\/05\/05\/corrupcion-y-cambios-constitucionales-por-jose-de-la-cruz-garrido-2\/","title":{"rendered":"Corrupci\u00f3n y Cambios Constitucionales por Jos\u00e9 De la Cruz Garrido"},"content":{"rendered":"<p style=\"text-align: justify;\">El informe del Consejo Anticorrupci\u00f3n se\u00f1ala la relevancia de incorporar cuestiones relativas a la formaci\u00f3n \u00e9tica y ciudadana en el programa escolar. Dice: \u201cSi bien la formaci\u00f3n ciudadana y moral est\u00e1 expresamente descrita en los objetivos de las bases curriculares y del aprendizaje esperado, en la pr\u00e1ctica no existen las condiciones la organizaci\u00f3n y la cultura necesarias para lograrlo\u201d (p. 90). De esta afirmaci\u00f3n se infiere que, si no existen estas condiciones, no han existido hace tiempo.<\/p>\n<p style=\"text-align: justify;\">Pese a este diagn\u00f3stico, la Presidenta Bachelet elude el punto y hace un llamado a un proceso constituyente, el cual en las \u00faltimas encuestas aparece con un importante apoyo de quienes\u2026 \u00bfhan recibido formaci\u00f3n c\u00edvica? Este proceso constituyente obviar\u00e1 la baja participaci\u00f3n pol\u00edtica, la desconfianza en las instituciones y, lo m\u00e1s importante, que muy pocos saben qu\u00e9 es una Constituci\u00f3n. No hay obviedad alguna. Quiz\u00e1 sea justamente este patente deterioro que vive nuestra sociedad la instancia perfecta para introducir cambios que pocos entienden, y que apelando a la participaci\u00f3n ciudadana terminen como el informe del Consejo- en un resumen por cadena nacional.<\/p>\n<p style=\"text-align: justify;\">Fortalecer un estado cuyo car\u00e1cter \u201cdemocr\u00e1tico\u201d no podr\u00e1 ser objeto de un juicio cr\u00edtico es un riesgo al que la Comisi\u00f3n Engel alude proponiendo \u201capoyar la formaci\u00f3n de sujetos aut\u00f3nomos y cr\u00edticos en sus diferentes grados de pensamiento\u201d (p. 90).<\/p>\n<p style=\"text-align: justify;\">A mi juicio, otra manipulaci\u00f3n para estrechar las libertades c\u00edvicas en favor de una burocracia estatal que hoy es poco trasparente.<\/p>\n<p style=\"text-align: justify;\">Carta publicada en\u00a0<strong><a href=\"http:\/\/www.litoralpress.cl\/design3\/lpi\/pdf3\/litoralpresspdf.aspx?ruta=clipsimages&amp;id=33259174&amp;idT=14582&amp;org=1&amp;ve=1\" target=\"_blank\">La Tercera 30\/04\/2015<\/a><\/strong><\/p>\n","protected":false},"excerpt":{"rendered":"<p>El informe del Consejo Anticorrupci\u00f3n se\u00f1ala la relevancia de incorporar cuestiones relativas a la formaci\u00f3n \u00e9tica y ciudadana en el programa escolar. Dice: \u201cSi bien la formaci\u00f3n ciudadana y moral est\u00e1 expresamente descrita en los objetivos de las bases curriculares y del aprendizaje esperado, en la pr\u00e1ctica no existen las condiciones la organizaci\u00f3n y la [&hellip;]<\/p>\n","protected":false},"author":22,"featured_media":893,"comment_status":"open","ping_status":"open","sticky":false,"template":"","format":"standard","meta":{"footnotes":""},"categories":[10162],"tags":[],"class_list":["post-886","post","type-post","status-publish","format-standard","has-post-thumbnail","hentry","category-centro-en-la-prensa"],"featured_image_url":"https:\/\/gobierno.udd.cl\/cpp\/files\/2015\/05\/udd_cpp_prensa_340.png","_links":{"self":[{"href":"https:\/\/gobierno.udd.cl\/cpp\/wp-json\/wp\/v2\/posts\/886","targetHints":{"allow":["GET"]}}],"collection":[{"href":"https:\/\/gobierno.udd.cl\/cpp\/wp-json\/wp\/v2\/posts"}],"about":[{"href":"https:\/\/gobierno.udd.cl\/cpp\/wp-json\/wp\/v2\/types\/post"}],"author":[{"embeddable":true,"href":"https:\/\/gobierno.udd.cl\/cpp\/wp-json\/wp\/v2\/users\/22"}],"replies":[{"embeddable":true,"href":"https:\/\/gobierno.udd.cl\/cpp\/wp-json\/wp\/v2\/comments?post=886"}],"version-history":[{"count":5,"href":"https:\/\/gobierno.udd.cl\/cpp\/wp-json\/wp\/v2\/posts\/886\/revisions"}],"predecessor-version":[{"id":2730,"href":"https:\/\/gobierno.udd.cl\/cpp\/wp-json\/wp\/v2\/posts\/886\/revisions\/2730"}],"wp:featuredmedia":[{"embeddable":true,"href":"https:\/\/gobierno.udd.cl\/cpp\/wp-json\/wp\/v2\/media\/893"}],"wp:attachment":[{"href":"https:\/\/gobierno.udd.cl\/cpp\/wp-json\/wp\/v2\/media?parent=886"}],"wp:term":[{"taxonomy":"category","embeddable":true,"href":"https:\/\/gobierno.udd.cl\/cpp\/wp-json\/wp\/v2\/categories?post=886"},{"taxonomy":"post_tag","embeddable":true,"href":"https:\/\/gobierno.udd.cl\/cpp\/wp-json\/wp\/v2\/tags?post=886"}],"curies":[{"name":"wp","href":"https:\/\/api.w.org\/{rel}","templated":true}]}}