{"id":884,"date":"2015-04-09T20:07:26","date_gmt":"2015-04-09T23:07:26","guid":{"rendered":"http:\/\/gobierno.udd.cl\/cpp\/?p=884"},"modified":"2015-05-19T08:18:35","modified_gmt":"2015-05-19T11:18:35","slug":"directora-del-cpp-francisca-dussaillant-en-noticiario-de-tvn","status":"publish","type":"post","link":"https:\/\/gobierno.udd.cl\/cpp\/noticias\/2015\/04\/09\/directora-del-cpp-francisca-dussaillant-en-noticiario-de-tvn\/","title":{"rendered":"Directora del CPP Francisca Dussaillant en noticiario de TVN"},"content":{"rendered":"<p>El Centro de Pol\u00edticas P\u00fablicas CPP de la Facultad de Gobierno de la UDD est\u00e1 dando un nuevo impulso a su quehacer, de modo de visibilizar a sus investigadores y especialmente el aporte de sus trabajos a la sociedad.<\/p>\n<p>A prop\u00f3sito de la cat\u00e1strofe del norte, Francisca Dussaillant convers\u00f3 en el noticiario de TVN sobre los efectos que tiene el capital social en las respuestas de los grupos sociales que se ven afectados por estas calamidades.<\/p>\n<p>La entrevista la puedes\u00a0<strong><a href=\"http:\/\/www.litoralpress.cl\/design3\/lpi\/video.asp?id=6346631\" target=\"_blank\">Descargar Aqu\u00ed<\/a><\/strong><\/p>\n","protected":false},"excerpt":{"rendered":"<p>El Centro de Pol\u00edticas P\u00fablicas CPP de la Facultad de Gobierno de la UDD est\u00e1 dando un nuevo impulso a su quehacer, de modo de visibilizar a sus investigadores y especialmente el aporte de sus trabajos a la sociedad.<\/p>\n","protected":false},"author":22,"featured_media":893,"comment_status":"open","ping_status":"open","sticky":false,"template":"","format":"standard","meta":{"footnotes":""},"categories":[10162],"tags":[],"class_list":["post-884","post","type-post","status-publish","format-standard","has-post-thumbnail","hentry","category-centro-en-la-prensa"],"featured_image_url":"https:\/\/gobierno.udd.cl\/cpp\/files\/2015\/05\/udd_cpp_prensa_340.png","_links":{"self":[{"href":"https:\/\/gobierno.udd.cl\/cpp\/wp-json\/wp\/v2\/posts\/884","targetHints":{"allow":["GET"]}}],"collection":[{"href":"https:\/\/gobierno.udd.cl\/cpp\/wp-json\/wp\/v2\/posts"}],"about":[{"href":"https:\/\/gobierno.udd.cl\/cpp\/wp-json\/wp\/v2\/types\/post"}],"author":[{"embeddable":true,"href":"https:\/\/gobierno.udd.cl\/cpp\/wp-json\/wp\/v2\/users\/22"}],"replies":[{"embeddable":true,"href":"https:\/\/gobierno.udd.cl\/cpp\/wp-json\/wp\/v2\/comments?post=884"}],"version-history":[{"count":5,"href":"https:\/\/gobierno.udd.cl\/cpp\/wp-json\/wp\/v2\/posts\/884\/revisions"}],"predecessor-version":[{"id":899,"href":"https:\/\/gobierno.udd.cl\/cpp\/wp-json\/wp\/v2\/posts\/884\/revisions\/899"}],"wp:featuredmedia":[{"embeddable":true,"href":"https:\/\/gobierno.udd.cl\/cpp\/wp-json\/wp\/v2\/media\/893"}],"wp:attachment":[{"href":"https:\/\/gobierno.udd.cl\/cpp\/wp-json\/wp\/v2\/media?parent=884"}],"wp:term":[{"taxonomy":"category","embeddable":true,"href":"https:\/\/gobierno.udd.cl\/cpp\/wp-json\/wp\/v2\/categories?post=884"},{"taxonomy":"post_tag","embeddable":true,"href":"https:\/\/gobierno.udd.cl\/cpp\/wp-json\/wp\/v2\/tags?post=884"}],"curies":[{"name":"wp","href":"https:\/\/api.w.org\/{rel}","templated":true}]}}