{"id":882,"date":"2015-03-24T20:04:05","date_gmt":"2015-03-24T23:04:05","guid":{"rendered":"http:\/\/gobierno.udd.cl\/cpp\/?p=882"},"modified":"2015-05-19T08:19:01","modified_gmt":"2015-05-19T11:19:01","slug":"entrevista-cristian-larroulet-en-el-diario-del-sur-de-concepcion","status":"publish","type":"post","link":"https:\/\/gobierno.udd.cl\/cpp\/noticias\/2015\/03\/24\/entrevista-cristian-larroulet-en-el-diario-del-sur-de-concepcion\/","title":{"rendered":"Entrevista a Cristi\u00e1n Larroulet en el Diario del Sur de Concepci\u00f3n"},"content":{"rendered":"<p>El ex secretario de Estado, de visita en la zona por motivos acad\u00e9micos, reconoci\u00f3 una posible vuelta del ex mandatario Pi\u00f1era.<\/p>\n<p>Adem\u00e1s, habl\u00f3 de los efectos que puede causar en la pol\u00edtica local los casos Penta y Caval, a los que ha estado muy cercano. La pol\u00edtica es fundamental para que haya desarrollo econ\u00f3mico. Buenas instituciones son fundamentales para que haya desarrollo econ\u00f3mico. Aqu\u00ed lo m\u00e1s peligroso es el populismo. Hay que pensar en Venezuela, como qued\u00f3 destruida con el populismo de Ch\u00e1vez, hay que pensar en pa\u00edses como Argentina, donde tambi\u00e9n hay mucho populismo\u201d.<\/p>\n<p>Leer\u00a0<strong><a href=\"http:\/\/www.litoralpress.cl\/design3\/lpi\/pdf3\/litoralpresspdf.aspx?ruta=clipsimages&amp;id=32870904,32870912,32870916,32870917&amp;idT=14582&amp;org=1&amp;ve=1\" target=\"_blank\">entrevista aqu\u00ed<\/a><\/strong><\/p>\n","protected":false},"excerpt":{"rendered":"<p>Cristi\u00e1n Larroulet dict\u00f3 charla sobre realidad econ\u00f3mica, analiz\u00f3 la econom\u00eda internacional y la necesidad del fortalecimiento de las instituciones.<\/p>\n","protected":false},"author":22,"featured_media":893,"comment_status":"open","ping_status":"open","sticky":false,"template":"","format":"standard","meta":{"footnotes":""},"categories":[10162],"tags":[],"class_list":["post-882","post","type-post","status-publish","format-standard","has-post-thumbnail","hentry","category-centro-en-la-prensa"],"featured_image_url":"https:\/\/gobierno.udd.cl\/cpp\/files\/2015\/05\/udd_cpp_prensa_340.png","_links":{"self":[{"href":"https:\/\/gobierno.udd.cl\/cpp\/wp-json\/wp\/v2\/posts\/882","targetHints":{"allow":["GET"]}}],"collection":[{"href":"https:\/\/gobierno.udd.cl\/cpp\/wp-json\/wp\/v2\/posts"}],"about":[{"href":"https:\/\/gobierno.udd.cl\/cpp\/wp-json\/wp\/v2\/types\/post"}],"author":[{"embeddable":true,"href":"https:\/\/gobierno.udd.cl\/cpp\/wp-json\/wp\/v2\/users\/22"}],"replies":[{"embeddable":true,"href":"https:\/\/gobierno.udd.cl\/cpp\/wp-json\/wp\/v2\/comments?post=882"}],"version-history":[{"count":4,"href":"https:\/\/gobierno.udd.cl\/cpp\/wp-json\/wp\/v2\/posts\/882\/revisions"}],"predecessor-version":[{"id":912,"href":"https:\/\/gobierno.udd.cl\/cpp\/wp-json\/wp\/v2\/posts\/882\/revisions\/912"}],"wp:featuredmedia":[{"embeddable":true,"href":"https:\/\/gobierno.udd.cl\/cpp\/wp-json\/wp\/v2\/media\/893"}],"wp:attachment":[{"href":"https:\/\/gobierno.udd.cl\/cpp\/wp-json\/wp\/v2\/media?parent=882"}],"wp:term":[{"taxonomy":"category","embeddable":true,"href":"https:\/\/gobierno.udd.cl\/cpp\/wp-json\/wp\/v2\/categories?post=882"},{"taxonomy":"post_tag","embeddable":true,"href":"https:\/\/gobierno.udd.cl\/cpp\/wp-json\/wp\/v2\/tags?post=882"}],"curies":[{"name":"wp","href":"https:\/\/api.w.org\/{rel}","templated":true}]}}