{"id":880,"date":"2015-01-28T20:01:05","date_gmt":"2015-01-28T23:01:05","guid":{"rendered":"http:\/\/gobierno.udd.cl\/cpp\/?p=880"},"modified":"2015-05-19T08:20:18","modified_gmt":"2015-05-19T11:20:18","slug":"escenario-energetico-2015-y-sus-desafios-por-nora-au","status":"publish","type":"post","link":"https:\/\/gobierno.udd.cl\/cpp\/noticias\/2015\/01\/28\/escenario-energetico-2015-y-sus-desafios-por-nora-au\/","title":{"rendered":"Escenario Energ\u00e9tico 2015 y sus Desaf\u00edos por Nora Au"},"content":{"rendered":"<p>No cabe duda de que ha habido un cambio de escenario en la industria el\u00e9ctrica chilena, que se manifiesta en un lento transitar para destrabar proyectos de inversi\u00f3n, despu\u00e9s de un proceso de aprendizaje y adaptaci\u00f3n de sus actores, quienes han comprendido que se debe compatibilizar tanto la necesidad de satisfacer la demanda energ\u00e9tica del pa\u00eds a un costo competitivo, como la de fortalecer las relaciones comunitarias y el respeto al medio ambiente, de modo de concebir \u201ccreaci\u00f3n de valor econ\u00f3mico y tambi\u00e9n social\u201d. Estos cambios no son exclusivos de Chile, sino una tendencia mundial donde se ha reconfigurado la industria energ\u00e9tica, poniendo mayor atenci\u00f3n a aspectos sociales sumado a la irrupci\u00f3n de nuevas tecnolog\u00edas a menor costo y cambios en la industria del petr\u00f3leo y el gas.<\/p>\n<p>As\u00ed, a pesar de que no habr\u00e1 cambios radicales en la generaci\u00f3n demanda y precios de la energ\u00eda el\u00e9ctrica en Chile respecto a 2014 el restablecimiento de confianzas permitir\u00e1 impulsar pol\u00edticas p\u00fablicas m\u00e1s certeras, adem\u00e1s de atraer nuevos actores a la industria.<\/p>\n<p>En 2015 no se solucionar\u00e1n los problemas, pero existir\u00e1n avances importantes para que el sistema el\u00e9ctrico chileno deje de ser vulnerable, lo cual pasar\u00e1 necesariamente por alcanzar un equilibrio arm\u00f3nico entre los factores sociales, ambientales y econ\u00f3micos.<\/p>\n<p>La llegada de nuevos actores ayudar\u00e1 a desconcentrar la industria. Asimismo, y respecto a la matriz, es clave haber comprendido que no se puede prescindir de ninguna de las fuentes de energ\u00eda de base. El apoyo expl\u00edcito del gobierno a la Planta Termoel\u00e9ctrica Mar\u00eda Elena, la Central Luz Minera y la de Ciclo Combinado Kelar, da cuenta de aquello. Asimismo, con Alto Maipo hay un reconocimiento del aporte de la hidroelectricidad al pa\u00eds. Todo ello sumado a la favorable irrupci\u00f3n de las ERNC cuyos proyectos aprobados y en construcci\u00f3n superan con creces las expectativas de hace algunos a\u00f1os lo que tendr\u00e1 efecto significativo a partir de 2016 en la matriz aunque se mantiene pendiente el desaf\u00edo de mejorar la gesti\u00f3n e intermitencia de sus aportes.<\/p>\n<p>Leer columna completa\u00a0<a href=\"http:\/\/www.litoralpress.cl\/design3\/lpi\/pdf3\/litoralpresspdf.aspx?ruta=clipsimages&amp;id=32369780&amp;idT=14582&amp;org=1&amp;ve=1\" target=\"_blank\"><strong>Aqu\u00ed<\/strong><\/a><\/p>\n<p>Publicada el 28\/01\/2015 El Mercurio.<\/p>\n","protected":false},"excerpt":{"rendered":"<p>No cabe duda de que ha habido un cambio de escenario en la industria el\u00e9ctrica chilena, que se manifiesta en un lento transitar para destrabar proyectos de inversi\u00f3n, despu\u00e9s de un proceso de aprendizaje y adaptaci\u00f3n de sus actores, quienes han comprendido que se debe compatibilizar tanto la necesidad de satisfacer la demanda energ\u00e9tica del [&hellip;]<\/p>\n","protected":false},"author":22,"featured_media":893,"comment_status":"open","ping_status":"open","sticky":false,"template":"","format":"standard","meta":{"footnotes":""},"categories":[10162],"tags":[],"class_list":["post-880","post","type-post","status-publish","format-standard","has-post-thumbnail","hentry","category-centro-en-la-prensa"],"featured_image_url":"https:\/\/gobierno.udd.cl\/cpp\/files\/2015\/05\/udd_cpp_prensa_340.png","_links":{"self":[{"href":"https:\/\/gobierno.udd.cl\/cpp\/wp-json\/wp\/v2\/posts\/880","targetHints":{"allow":["GET"]}}],"collection":[{"href":"https:\/\/gobierno.udd.cl\/cpp\/wp-json\/wp\/v2\/posts"}],"about":[{"href":"https:\/\/gobierno.udd.cl\/cpp\/wp-json\/wp\/v2\/types\/post"}],"author":[{"embeddable":true,"href":"https:\/\/gobierno.udd.cl\/cpp\/wp-json\/wp\/v2\/users\/22"}],"replies":[{"embeddable":true,"href":"https:\/\/gobierno.udd.cl\/cpp\/wp-json\/wp\/v2\/comments?post=880"}],"version-history":[{"count":5,"href":"https:\/\/gobierno.udd.cl\/cpp\/wp-json\/wp\/v2\/posts\/880\/revisions"}],"predecessor-version":[{"id":900,"href":"https:\/\/gobierno.udd.cl\/cpp\/wp-json\/wp\/v2\/posts\/880\/revisions\/900"}],"wp:featuredmedia":[{"embeddable":true,"href":"https:\/\/gobierno.udd.cl\/cpp\/wp-json\/wp\/v2\/media\/893"}],"wp:attachment":[{"href":"https:\/\/gobierno.udd.cl\/cpp\/wp-json\/wp\/v2\/media?parent=880"}],"wp:term":[{"taxonomy":"category","embeddable":true,"href":"https:\/\/gobierno.udd.cl\/cpp\/wp-json\/wp\/v2\/categories?post=880"},{"taxonomy":"post_tag","embeddable":true,"href":"https:\/\/gobierno.udd.cl\/cpp\/wp-json\/wp\/v2\/tags?post=880"}],"curies":[{"name":"wp","href":"https:\/\/api.w.org\/{rel}","templated":true}]}}