{"id":851,"date":"2015-04-21T08:41:42","date_gmt":"2015-04-21T11:41:42","guid":{"rendered":"http:\/\/gobierno.udd.cl\/cpp\/?p=851"},"modified":"2015-04-21T08:41:42","modified_gmt":"2015-04-21T11:41:42","slug":"resultados-septima-encuesta-udd-diario-el-sur","status":"publish","type":"post","link":"https:\/\/gobierno.udd.cl\/cpp\/noticias\/2015\/04\/21\/resultados-septima-encuesta-udd-diario-el-sur\/","title":{"rendered":"Resultados s\u00e9ptima encuesta UDD-Diario El Sur"},"content":{"rendered":"<p style=\"text-align: justify;\">Respecto a otros aspectos, la encuesta se\u00f1ala que un 45% dice que ir\u00eda a votar en las pr\u00f3ximas elecciones municipales, muy similar a lo ocurrido el 2012, lo que no descarta que la forma de desenlace final de la crisis pueda provocar una ca\u00edda mayor a\u00fan de la participaci\u00f3n electoral. Pero tambi\u00e9n al preguntarse si conocidos todos los esc\u00e1ndalos pol\u00edticos las personas mantienen o cambian sus preferencias, un 66% dice que las mantiene y s\u00f3lo un 18% que las cambia, lo que habla de un electorado que dimensiona y se molesta con la crisis, pero que no ve alternativas que lo lleven a dejar atr\u00e1s sus antiguas preferencias.<\/p>\n<p style=\"text-align: justify;\">Revisa la encuesta publicada el <strong><a href=\"http:\/\/www.elsur.cl\/impresa\/2015\/04\/19\/full\/cuerpo-principal\/6\/\" target=\"_blank\">19\/04\/2015 en el Diario El Sur <\/a><\/strong>o descarga aqu\u00ed el\u00a0<strong><a href=\"http:\/\/gobierno.udd.cl\/cpp\/files\/2015\/04\/Informe-Terreno-UDD-El-Sur-Abril-2015.pdf\">Informe Terreno UDD El Sur Abril 2015<\/a>.<\/strong><\/p>\n","protected":false},"excerpt":{"rendered":"<p>Entre otros puntos, en la s\u00e9ptima encuesta UDD-Diario El Sur los Ciudadanos piden restricci\u00f3n y mayores sanciones a los pol\u00edticos que no cumplan la ley. <\/p>\n","protected":false},"author":22,"featured_media":853,"comment_status":"open","ping_status":"open","sticky":false,"template":"","format":"standard","meta":{"footnotes":""},"categories":[4],"tags":[9258],"class_list":["post-851","post","type-post","status-publish","format-standard","has-post-thumbnail","hentry","category-noticias","tag-encuesta-udd-diario-el-sur"],"featured_image_url":"https:\/\/gobierno.udd.cl\/cpp\/files\/2015\/04\/FOTO-UDD-DIARIO-EL-SUR.jpg","_links":{"self":[{"href":"https:\/\/gobierno.udd.cl\/cpp\/wp-json\/wp\/v2\/posts\/851","targetHints":{"allow":["GET"]}}],"collection":[{"href":"https:\/\/gobierno.udd.cl\/cpp\/wp-json\/wp\/v2\/posts"}],"about":[{"href":"https:\/\/gobierno.udd.cl\/cpp\/wp-json\/wp\/v2\/types\/post"}],"author":[{"embeddable":true,"href":"https:\/\/gobierno.udd.cl\/cpp\/wp-json\/wp\/v2\/users\/22"}],"replies":[{"embeddable":true,"href":"https:\/\/gobierno.udd.cl\/cpp\/wp-json\/wp\/v2\/comments?post=851"}],"version-history":[{"count":1,"href":"https:\/\/gobierno.udd.cl\/cpp\/wp-json\/wp\/v2\/posts\/851\/revisions"}],"predecessor-version":[{"id":854,"href":"https:\/\/gobierno.udd.cl\/cpp\/wp-json\/wp\/v2\/posts\/851\/revisions\/854"}],"wp:featuredmedia":[{"embeddable":true,"href":"https:\/\/gobierno.udd.cl\/cpp\/wp-json\/wp\/v2\/media\/853"}],"wp:attachment":[{"href":"https:\/\/gobierno.udd.cl\/cpp\/wp-json\/wp\/v2\/media?parent=851"}],"wp:term":[{"taxonomy":"category","embeddable":true,"href":"https:\/\/gobierno.udd.cl\/cpp\/wp-json\/wp\/v2\/categories?post=851"},{"taxonomy":"post_tag","embeddable":true,"href":"https:\/\/gobierno.udd.cl\/cpp\/wp-json\/wp\/v2\/tags?post=851"}],"curies":[{"name":"wp","href":"https:\/\/api.w.org\/{rel}","templated":true}]}}