{"id":755,"date":"2011-11-11T13:55:15","date_gmt":"2011-11-11T16:55:15","guid":{"rendered":"http:\/\/gobierno.udd.cl\/cpp\/?p=755"},"modified":"2015-01-27T14:02:11","modified_gmt":"2015-01-27T17:02:11","slug":"lanzamiento-libro-mision-klein-saks","status":"publish","type":"post","link":"https:\/\/gobierno.udd.cl\/cpp\/noticias\/2011\/11\/11\/lanzamiento-libro-mision-klein-saks\/","title":{"rendered":"Lanzamiento libro Misi\u00f3n Klein-Saks"},"content":{"rendered":"<p style=\"text-align: justify;\">En 1955, frente a un panorama donde la inflaci\u00f3n estaba alcanzando niveles preocupantemente altos y persistentes, el gobierno del Presidente Carlos Ib\u00e1\u00f1ez del Campo contrat\u00f3 a un grupo de asesores extranjeros para llevar a cabo un programa de ajuste econ\u00f3mico. Esa misi\u00f3n fue conocida con el nombre de Klein-Saks, que elabor\u00f3 un programa de estabilizaci\u00f3n y propuso una serie de reformas tendientes a liberalizar la econom\u00eda.<\/p>\n<p style=\"text-align: justify;\"><a href=\"http:\/\/gobierno.udd.cl\/cpp\/files\/2015\/01\/Portada-La-Misi\u00f3n-Klein-Saks-en-Chile.jpg\"><img loading=\"lazy\" decoding=\"async\" class=\"alignnone size-medium wp-image-750\" alt=\"Portada-La-Misi\u00f3n-Klein-Saks-en-Chile\" src=\"http:\/\/gobierno.udd.cl\/cpp\/files\/2015\/01\/Portada-La-Misi\u00f3n-Klein-Saks-en-Chile-196x300.jpg\" width=\"196\" height=\"300\" srcset=\"https:\/\/gobierno.udd.cl\/cpp\/files\/2015\/01\/Portada-La-Misi\u00f3n-Klein-Saks-en-Chile-196x300.jpg 196w, https:\/\/gobierno.udd.cl\/cpp\/files\/2015\/01\/Portada-La-Misi\u00f3n-Klein-Saks-en-Chile.jpg 408w\" sizes=\"auto, (max-width: 196px) 100vw, 196px\" \/><\/a><\/p>\n<p style=\"text-align: justify;\">M\u00e1s de 50 a\u00f1os despu\u00e9s, varios autores \u2013 el historiador Adolfo Ib\u00e1\u00f1ez y los economistas Sebasti\u00e1n Edwards, Cristi\u00e1n Garay Vera, Rolf L\u00fcders y Cristi\u00e1n Larroulet- fueron convocados por el tambi\u00e9n economista Juan Pablo Couyoumdjian para revisar el aporte de esta misi\u00f3n en la perspectiva del tiempo. El resultado fue el libro \u201cReformas Econ\u00f3micas e Instituciones Pol\u00edticas: La experiencia de la Misi\u00f3n Klein-Saks en Chile\u201d, una iniciativa conjunta de las facultades de Gobierno y Econom\u00eda y Negocios de la Universidad del Desarrollo.<\/p>\n<p style=\"text-align: justify;\">En la publicaci\u00f3n, los autores entregan su visi\u00f3n sobre el contexto pol\u00edtico y econ\u00f3mico de Chile de mediados del siglo XX, y a la vez que examinan los problemas que enfrent\u00f3 el grupo de Klein Saks al implementar las reformas.<\/p>\n<p style=\"text-align: justify;\">\u00a0El libro fue presentado por los ex ministros Juan Andr\u00e9s Fontaine y Sergio Molina, el d\u00eda 28 de noviembre, a las 18.00 horas, en el Auditorio 101 del campus Rector Ernesto Silva Bafalluy.<\/p>\n<p style=\"text-align: justify;\">Sergio Molina, entreg\u00f3 su visi\u00f3n como ex titular de tres carteras de Estado y ex presidente del Banco Central de Chile. \u201cLo que hizo la misi\u00f3n Klein-Saks fue evitar la crisis. Cumpli\u00f3 una funci\u00f3n p\u00fablica extraordinariamente importante en materia pol\u00edtico, econ\u00f3mico y social\u201d, se\u00f1al\u00f3.<\/p>\n","protected":false},"excerpt":{"rendered":"<p>Juan Andr\u00e9s Fontaine y Sergio Molina presentaron publicaci\u00f3n sobre la misi\u00f3n Klein Saks en Chile, el lunes 28 de noviembre en el campus Rector Ernesto Silva Bafalluy.<\/p>\n","protected":false},"author":22,"featured_media":758,"comment_status":"open","ping_status":"open","sticky":false,"template":"","format":"standard","meta":{"footnotes":""},"categories":[4],"tags":[5498,8523,8520,8522],"class_list":["post-755","post","type-post","status-publish","format-standard","has-post-thumbnail","hentry","category-noticias","tag-economia-politica","tag-juan-andres-fontaine","tag-klein-saks","tag-sergio-molina"],"featured_image_url":"https:\/\/gobierno.udd.cl\/cpp\/files\/2011\/11\/Misipon-Klein.jpg","_links":{"self":[{"href":"https:\/\/gobierno.udd.cl\/cpp\/wp-json\/wp\/v2\/posts\/755","targetHints":{"allow":["GET"]}}],"collection":[{"href":"https:\/\/gobierno.udd.cl\/cpp\/wp-json\/wp\/v2\/posts"}],"about":[{"href":"https:\/\/gobierno.udd.cl\/cpp\/wp-json\/wp\/v2\/types\/post"}],"author":[{"embeddable":true,"href":"https:\/\/gobierno.udd.cl\/cpp\/wp-json\/wp\/v2\/users\/22"}],"replies":[{"embeddable":true,"href":"https:\/\/gobierno.udd.cl\/cpp\/wp-json\/wp\/v2\/comments?post=755"}],"version-history":[{"count":3,"href":"https:\/\/gobierno.udd.cl\/cpp\/wp-json\/wp\/v2\/posts\/755\/revisions"}],"predecessor-version":[{"id":757,"href":"https:\/\/gobierno.udd.cl\/cpp\/wp-json\/wp\/v2\/posts\/755\/revisions\/757"}],"wp:featuredmedia":[{"embeddable":true,"href":"https:\/\/gobierno.udd.cl\/cpp\/wp-json\/wp\/v2\/media\/758"}],"wp:attachment":[{"href":"https:\/\/gobierno.udd.cl\/cpp\/wp-json\/wp\/v2\/media?parent=755"}],"wp:term":[{"taxonomy":"category","embeddable":true,"href":"https:\/\/gobierno.udd.cl\/cpp\/wp-json\/wp\/v2\/categories?post=755"},{"taxonomy":"post_tag","embeddable":true,"href":"https:\/\/gobierno.udd.cl\/cpp\/wp-json\/wp\/v2\/tags?post=755"}],"curies":[{"name":"wp","href":"https:\/\/api.w.org\/{rel}","templated":true}]}}