{"id":737,"date":"2015-01-27T12:04:31","date_gmt":"2015-01-27T15:04:31","guid":{"rendered":"http:\/\/gobierno.udd.cl\/cpp\/?p=737"},"modified":"2015-01-27T12:04:31","modified_gmt":"2015-01-27T15:04:31","slug":"fin-del-binominal-por-jose-de-la-cruz-garrido","status":"publish","type":"post","link":"https:\/\/gobierno.udd.cl\/cpp\/noticias\/2015\/01\/27\/fin-del-binominal-por-jose-de-la-cruz-garrido\/","title":{"rendered":"Fin del binominal por Jos\u00e9 de la Cruz Garrido"},"content":{"rendered":"<div>\n<p style=\"text-align: justify;\">La reforma al sistema binominal introdujo un redistritaje y el aumento en el n\u00famero de parlamentarios que mejora la igualdad del voto. No obstante, tras un concepto que concilia cierto consenso (\u201cel fin al binominal\u201d) se publicita y luego se aprueba un dise\u00f1o institucional que genera dudas a una mirada m\u00e1s atenta.<\/p>\n<p style=\"text-align: justify;\">Se aumenta el n\u00famero de parlamentarios sin que se justifique el inter\u00e9s de elevar a\u00fan m\u00e1s el costo de un Congreso que ya es caro en comparaci\u00f3n con otras naciones, incluso m\u00e1s desarrolladas que la nuestra. Si a esto sumamos la nueva composici\u00f3n de distritos, si bien se elimina el binominal sin una reforma a la competencia interna de los partidos t\u00e9cnicamente se les da garant\u00eda a muchos incumbentes para que se eternicen en el cargo. En definitiva, es una forma encubierta de parlamentarios designados por las c\u00fapulas partidarias y, lo que es peor, derechamente beneficia a algunos sectores.<\/p>\n<p style=\"text-align: justify;\">Es claro que la alusi\u00f3n a una suerte de pasado glorioso de la democracia chilena, en contraste con las instituciones de la \u201cdictadura\u201d, trae r\u00e9ditos pol\u00edticos por su alto componente ret\u00f3rico (no obstante, bajo dicha institucionalidad fue posible la reforma). Sin embargo, la democracia no s\u00f3lo se construye sobre la base de la participaci\u00f3n, sino tambi\u00e9n sobre la capacidad que tiene de limitar el poder del soberano por medio de su alternancia, la coexistencia de una oposici\u00f3n y el respeto de los derechos fundamentales del ser humano.<\/p>\n<p style=\"text-align: justify;\">Publicada en El Longino de Iquique 18\/01\/2015<\/p>\n<\/div>\n","protected":false},"excerpt":{"rendered":"<p>La reforma al sistema binominal introdujo un redistritaje y el aumento en el n\u00famero de parlamentarios que mejora la igualdad del voto. No obstante, tras un concepto que concilia cierto consenso (\u201cel fin al binominal\u201d) se publicita y luego se aprueba un dise\u00f1o institucional que genera dudas a una mirada m\u00e1s atenta. Se aumenta el [&hellip;]<\/p>\n","protected":false},"author":22,"featured_media":464,"comment_status":"open","ping_status":"open","sticky":false,"template":"","format":"standard","meta":{"footnotes":""},"categories":[7405],"tags":[7395,8108,8519],"class_list":["post-737","post","type-post","status-publish","format-standard","has-post-thumbnail","hentry","category-columnas-de-opinion-elecciones-udd","tag-binominal","tag-jose-de-la-cruz-garrido","tag-sistemas-electorales"],"featured_image_url":"https:\/\/gobierno.udd.cl\/cpp\/files\/2014\/12\/garrido.jpg","_links":{"self":[{"href":"https:\/\/gobierno.udd.cl\/cpp\/wp-json\/wp\/v2\/posts\/737","targetHints":{"allow":["GET"]}}],"collection":[{"href":"https:\/\/gobierno.udd.cl\/cpp\/wp-json\/wp\/v2\/posts"}],"about":[{"href":"https:\/\/gobierno.udd.cl\/cpp\/wp-json\/wp\/v2\/types\/post"}],"author":[{"embeddable":true,"href":"https:\/\/gobierno.udd.cl\/cpp\/wp-json\/wp\/v2\/users\/22"}],"replies":[{"embeddable":true,"href":"https:\/\/gobierno.udd.cl\/cpp\/wp-json\/wp\/v2\/comments?post=737"}],"version-history":[{"count":1,"href":"https:\/\/gobierno.udd.cl\/cpp\/wp-json\/wp\/v2\/posts\/737\/revisions"}],"predecessor-version":[{"id":738,"href":"https:\/\/gobierno.udd.cl\/cpp\/wp-json\/wp\/v2\/posts\/737\/revisions\/738"}],"wp:featuredmedia":[{"embeddable":true,"href":"https:\/\/gobierno.udd.cl\/cpp\/wp-json\/wp\/v2\/media\/464"}],"wp:attachment":[{"href":"https:\/\/gobierno.udd.cl\/cpp\/wp-json\/wp\/v2\/media?parent=737"}],"wp:term":[{"taxonomy":"category","embeddable":true,"href":"https:\/\/gobierno.udd.cl\/cpp\/wp-json\/wp\/v2\/categories?post=737"},{"taxonomy":"post_tag","embeddable":true,"href":"https:\/\/gobierno.udd.cl\/cpp\/wp-json\/wp\/v2\/tags?post=737"}],"curies":[{"name":"wp","href":"https:\/\/api.w.org\/{rel}","templated":true}]}}