{"id":732,"date":"2015-01-25T11:49:47","date_gmt":"2015-01-25T14:49:47","guid":{"rendered":"http:\/\/gobierno.udd.cl\/cpp\/?p=732"},"modified":"2015-01-27T14:31:15","modified_gmt":"2015-01-27T17:31:15","slug":"diplomado-interculturalidad-y-politicas-indigenas","status":"publish","type":"post","link":"https:\/\/gobierno.udd.cl\/cpp\/noticias\/2015\/01\/25\/diplomado-interculturalidad-y-politicas-indigenas\/","title":{"rendered":"Diplomado Interculturalidad y Pol\u00edticas Ind\u00edgenas"},"content":{"rendered":"<p style=\"text-align: justify;\"><a href=\"http:\/\/gobierno.udd.cl\/cpp\/files\/2015\/01\/Diplomado-Interculturalidad_Otros-1.jpg\"><img loading=\"lazy\" decoding=\"async\" class=\"alignnone size-medium wp-image-733\" alt=\"Diplomado-Interculturalidad_Otros-1\" src=\"http:\/\/gobierno.udd.cl\/cpp\/files\/2015\/01\/Diplomado-Interculturalidad_Otros-1-300x196.jpg\" width=\"300\" height=\"196\" srcset=\"https:\/\/gobierno.udd.cl\/cpp\/files\/2015\/01\/Diplomado-Interculturalidad_Otros-1-300x196.jpg 300w, https:\/\/gobierno.udd.cl\/cpp\/files\/2015\/01\/Diplomado-Interculturalidad_Otros-1.jpg 595w\" sizes=\"auto, (max-width: 300px) 100vw, 300px\" \/><\/a><\/p>\n<p style=\"text-align: justify;\">El Diplomado Interculturalidad y Pol\u00edticas Ind\u00edgenas de la Facultad de Gobierno de la Universidad del Desarrollo busca profundizar en la formaci\u00f3n profesional de aquellas personas que est\u00e1n interesadas en comprender a los pueblos ind\u00edgenas de nuestro pa\u00eds y c\u00f3mo el Estado ha intentado dar soluci\u00f3n a estos problemas, con \u00e9nfasis en la necesidad de mejorar las relaciones comunitarias y fortalecer los v\u00ednculos interculturales en Chile, tanto desde la perspectiva social, como pol\u00edtica y econ\u00f3mica.<\/p>\n<p style=\"text-align: justify;\">Para m\u00e1s informaci\u00f3n descargar brochure <a href=\"http:\/\/gobierno.udd.cl\/files\/2014\/06\/Diplomado-Interculturalidad_Otros.pdf\" target=\"_blank\">Aqu\u00ed<\/a><\/p>\n<p style=\"text-align: justify;\">\n","protected":false},"excerpt":{"rendered":"<p>El \u00e1rea de Formaci\u00f3n Continua, junto al Centro de Investigaci\u00f3n en Complejidad Social y el Centro de Pol\u00edticas P\u00fablicas de la Facultad de Gobierno presentan su Programa de diplomado Interculturalidad y Pol\u00edticas Ind\u00edgenas.<\/p>\n","protected":false},"author":22,"featured_media":733,"comment_status":"open","ping_status":"open","sticky":false,"template":"","format":"standard","meta":{"footnotes":""},"categories":[4],"tags":[7409,7379,7407,7408],"class_list":["post-732","post","type-post","status-publish","format-standard","has-post-thumbnail","hentry","category-noticias","tag-araucania","tag-centro-de-politicas-publicas","tag-interculturalidad","tag-politica-indigena"],"featured_image_url":"https:\/\/gobierno.udd.cl\/cpp\/files\/2015\/01\/Diplomado-Interculturalidad_Otros-1.jpg","_links":{"self":[{"href":"https:\/\/gobierno.udd.cl\/cpp\/wp-json\/wp\/v2\/posts\/732","targetHints":{"allow":["GET"]}}],"collection":[{"href":"https:\/\/gobierno.udd.cl\/cpp\/wp-json\/wp\/v2\/posts"}],"about":[{"href":"https:\/\/gobierno.udd.cl\/cpp\/wp-json\/wp\/v2\/types\/post"}],"author":[{"embeddable":true,"href":"https:\/\/gobierno.udd.cl\/cpp\/wp-json\/wp\/v2\/users\/22"}],"replies":[{"embeddable":true,"href":"https:\/\/gobierno.udd.cl\/cpp\/wp-json\/wp\/v2\/comments?post=732"}],"version-history":[{"count":4,"href":"https:\/\/gobierno.udd.cl\/cpp\/wp-json\/wp\/v2\/posts\/732\/revisions"}],"predecessor-version":[{"id":760,"href":"https:\/\/gobierno.udd.cl\/cpp\/wp-json\/wp\/v2\/posts\/732\/revisions\/760"}],"wp:featuredmedia":[{"embeddable":true,"href":"https:\/\/gobierno.udd.cl\/cpp\/wp-json\/wp\/v2\/media\/733"}],"wp:attachment":[{"href":"https:\/\/gobierno.udd.cl\/cpp\/wp-json\/wp\/v2\/media?parent=732"}],"wp:term":[{"taxonomy":"category","embeddable":true,"href":"https:\/\/gobierno.udd.cl\/cpp\/wp-json\/wp\/v2\/categories?post=732"},{"taxonomy":"post_tag","embeddable":true,"href":"https:\/\/gobierno.udd.cl\/cpp\/wp-json\/wp\/v2\/tags?post=732"}],"curies":[{"name":"wp","href":"https:\/\/api.w.org\/{rel}","templated":true}]}}