{"id":686,"date":"2014-04-29T19:06:45","date_gmt":"2014-04-29T23:06:45","guid":{"rendered":"http:\/\/gobierno.udd.cl\/cpp\/?p=686"},"modified":"2015-01-25T19:48:11","modified_gmt":"2015-01-25T22:48:11","slug":"mayor-proporcionalidad-y-competitividad-entrevista-eugenio-guzman","status":"publish","type":"post","link":"https:\/\/gobierno.udd.cl\/cpp\/noticias\/2014\/04\/29\/mayor-proporcionalidad-y-competitividad-entrevista-eugenio-guzman\/","title":{"rendered":"\u00bfMAYOR PROPORCIONALIDAD Y COMPETITIVIDAD? ENTREVISTA A EUGENIO GUZM\u00c1N"},"content":{"rendered":"<p style=\"text-align: justify;\"><strong>La presidenta Michelle Bachelet sorprendi\u00f3 esta semana con el anticipado env\u00edo del proyecto de reforma al sistema electoral y que termina con el binominal. Con ello, abri\u00f3 un nuevo flanco de debate, que deber\u00eda concitar mayor consenso entre el oficialismo. A poco conocerse los detalles del texto legislativo, dos expertos electorales desmenuzan los alcances que tendr\u00eda el nuevo sistema, difieren sobre la proporcionalidad y la mayor competitividad que traer\u00eda su implementaci\u00f3n.<\/strong><\/p>\n<p style=\"text-align: justify;\"><em>Entrevista a Eugenio Guzm\u00e1n.<\/em><\/p>\n<p style=\"text-align: justify;\"><em>\u201cMe preocupa la fragmentaci\u00f3n del sistema de partidos\u201d El acad\u00e9mico discrepa de la \u201cperversidad\u201d del binominal, pero s\u00ed afirma que hay que debatir una reforma al sistema.<\/em><\/p>\n<p style=\"text-align: justify;\">-\u00bfC\u00f3mo eval\u00faa el proyecto y cu\u00e1les ser\u00edan los elementos que le preocupar\u00edan en su implementaci\u00f3n? -En lo fundamental tiene elementos muy similares a los proyectos anteriores, de RN con la Concertaci\u00f3n, por ejemplo. A m\u00ed lo que me preocupa, desde las consecuencias, es que establece distritos demasiados grandes que implican -entre otras cosas- fragmentar el sistema de partidos. Mientras m\u00e1s partidos, m\u00e1s dif\u00edcil es tomar decisiones. Las coaliciones empiezan a tener m\u00e1s tensiones y eso puede hacer m\u00e1s dif\u00edcil el trabajo legislativo y tambi\u00e9n las mec\u00e1nicas de los gobiernos.<\/p>\n<p style=\"text-align: justify;\">-La escasa competitividad y la poca representaci\u00f3n \u00bfSon los principales problemas que ostenta el actual sistema electoral? -El \u00fanico factor donde se puede decir con certeza que el binominal enfrenta problemas es a nivel de legitimaci\u00f3n de la ciudadan\u00eda, a juzgar por lo que dicen las encuestas. Sin embargo, que sea menos competitivo no es tan as\u00ed.<\/p>\n<p style=\"text-align: justify;\">En el mundo, hay muchos sistemas electorales que son m\u00e1s o menos competitivos y son diferentes al chileno.<\/p>\n<p style=\"text-align: justify;\">Ahora bien, sin perjuicio de ello, nadie duda que se pueda cambiar un sistema que perdi\u00f3 legitimidad.<\/p>\n<p style=\"text-align: justify;\">-Usted es partidario de un sistema mayoritario, \u00bfes posible implementarlo en Chile? -Se puede extrapolar un sistema mayoritario, sin duda alguna. Se puede replicar un sistema como el de Estados Unidos. Los que dicen que la tradici\u00f3n chilena no va con eso, est\u00e1n equivocados.<\/p>\n<p style=\"text-align: justify;\">-Con el proyecto, \u00bfse concretar\u00eda en Chile un sistema plenamente proporcional? -T\u00e9cnicamente el sistema binominal es proporcional, el menos proporcional de estos pero lo es. Esta propuesta lo hace m\u00e1s proporcional porque hace que los distritos sean m\u00e1s grandes y el n\u00famero de candidatos es mayor.<\/p>\n<p style=\"text-align: justify;\">Pero ojo, esto no hay que pensarlo como la panacea decir que ac\u00e1 se resuelven todos los problemas, porque no asegura que candidatos chicos ganen.<\/p>\n<p style=\"text-align: justify;\">-\u00bfCree necesario hacer una gran reforma al sistema electoral como lo est\u00e1 planteando el gobierno? -Nadie est\u00e1 diciendo que no cambiemos nada. Pero s\u00ed que tengamos conciencia de lo que estamos cambiando sea razonable. Y no digamos que ahora, por fin, tenemos democracia y borrar todo lo que se ha dicho, como quienes afirman que este sistema es perverso. Ahora los elegidos por ese sistema perverso, les va a tocar cambiar ese mismo sistema.<\/p>\n<p style=\"text-align: justify;\">-\u00bfPor qu\u00e9 el gobierno adelant\u00f3 la presentaci\u00f3n de este proyecto? -Tengo la impresi\u00f3n que el debate de la reforma tributaria estaba enredando la agenda con las voces de la DC que estaban poniendo en tela de juicio la aplicaci\u00f3n del programa; en consecuencia el gobierno opta por colocar el debate en una reforma que tiene m\u00e1s consenso dentro el oficialismo.<\/p>\n<p style=\"text-align: justify;\">El \u00fanico factor donde se puede decir con certeza que el binominal enfrenta problemas es a nivel de legitimaci\u00f3n de la ciudadan\u00eda\u201d.<\/p>\n<p style=\"text-align: justify;\">\u201cNadie est\u00e1 diciendo que no cambiemos nada\u201d.<\/p>\n","protected":false},"excerpt":{"rendered":"<p>La presidenta Michelle Bachelet sorprendi\u00f3 esta semana con el anticipado env\u00edo del proyecto de reforma al sistema electoral y que termina con el binominal. Con ello, abri\u00f3 un nuevo flanco de debate, que deber\u00eda concitar mayor consenso entre el oficialismo. A poco conocerse los detalles del texto legislativo, dos expertos electorales desmenuzan los alcances que [&hellip;]<\/p>\n","protected":false},"author":22,"featured_media":417,"comment_status":"open","ping_status":"open","sticky":false,"template":"","format":"standard","meta":{"footnotes":""},"categories":[7405],"tags":[],"class_list":["post-686","post","type-post","status-publish","format-standard","has-post-thumbnail","hentry","category-columnas-de-opinion-elecciones-udd"],"featured_image_url":"https:\/\/gobierno.udd.cl\/cpp\/files\/2014\/12\/EUGENIO2.png","_links":{"self":[{"href":"https:\/\/gobierno.udd.cl\/cpp\/wp-json\/wp\/v2\/posts\/686","targetHints":{"allow":["GET"]}}],"collection":[{"href":"https:\/\/gobierno.udd.cl\/cpp\/wp-json\/wp\/v2\/posts"}],"about":[{"href":"https:\/\/gobierno.udd.cl\/cpp\/wp-json\/wp\/v2\/types\/post"}],"author":[{"embeddable":true,"href":"https:\/\/gobierno.udd.cl\/cpp\/wp-json\/wp\/v2\/users\/22"}],"replies":[{"embeddable":true,"href":"https:\/\/gobierno.udd.cl\/cpp\/wp-json\/wp\/v2\/comments?post=686"}],"version-history":[{"count":3,"href":"https:\/\/gobierno.udd.cl\/cpp\/wp-json\/wp\/v2\/posts\/686\/revisions"}],"predecessor-version":[{"id":690,"href":"https:\/\/gobierno.udd.cl\/cpp\/wp-json\/wp\/v2\/posts\/686\/revisions\/690"}],"wp:featuredmedia":[{"embeddable":true,"href":"https:\/\/gobierno.udd.cl\/cpp\/wp-json\/wp\/v2\/media\/417"}],"wp:attachment":[{"href":"https:\/\/gobierno.udd.cl\/cpp\/wp-json\/wp\/v2\/media?parent=686"}],"wp:term":[{"taxonomy":"category","embeddable":true,"href":"https:\/\/gobierno.udd.cl\/cpp\/wp-json\/wp\/v2\/categories?post=686"},{"taxonomy":"post_tag","embeddable":true,"href":"https:\/\/gobierno.udd.cl\/cpp\/wp-json\/wp\/v2\/tags?post=686"}],"curies":[{"name":"wp","href":"https:\/\/api.w.org\/{rel}","templated":true}]}}