{"id":6836,"date":"2023-05-29T10:37:00","date_gmt":"2023-05-29T14:37:00","guid":{"rendered":"https:\/\/gobierno.udd.cl\/cpp\/?p=6836"},"modified":"2023-05-31T10:38:32","modified_gmt":"2023-05-31T14:38:32","slug":"eugenio-guzman-en-radio-cooperativa-conversa-sobre-el-panorama-politico-nacional-y-el-proceso-constituyente","status":"publish","type":"post","link":"https:\/\/gobierno.udd.cl\/cpp\/noticias\/2023\/05\/29\/eugenio-guzman-en-radio-cooperativa-conversa-sobre-el-panorama-politico-nacional-y-el-proceso-constituyente\/","title":{"rendered":"Eugenio Guzm\u00e1n en Radio Cooperativa conversa sobre el panorama pol\u00edtico nacional y el proceso constituyente"},"content":{"rendered":"\n<p>El Decano de la Facultad de Gobierno UDD, Eugenio Guzm\u00e1n, participa en el programa Primer Caf\u00e9 de Radio Cooperativa, en una discusi\u00f3n sobre el panorama pol\u00edtica nacional y proyecciones del proceso constituyente. <\/p>\n\n\n\n<figure class=\"wp-block-embed is-type-rich is-provider-gestor-del-servicio wp-block-embed-gestor-del-servicio\"><div class=\"wp-block-embed__wrapper\">\n<audio class=\"wp-audio-shortcode\" id=\"audio-6836-1\" preload=\"none\" style=\"width: 100%;\" controls=\"controls\"><source type=\"audio\/mpeg\" src=\"https:\/\/conectamedia.s3.amazonaws.com\/6474e7e22105e777b9c08a13.mp3?_=1\" \/><a href=\"https:\/\/conectamedia.s3.amazonaws.com\/6474e7e22105e777b9c08a13.mp3\">https:\/\/conectamedia.s3.amazonaws.com\/6474e7e22105e777b9c08a13.mp3<\/a><\/audio>\n<\/div><\/figure>\n\n\n\n<figure class=\"wp-block-embed is-type-rich is-provider-gestor-del-servicio wp-block-embed-gestor-del-servicio\"><div class=\"wp-block-embed__wrapper\">\n<audio class=\"wp-audio-shortcode\" id=\"audio-6836-2\" preload=\"none\" style=\"width: 100%;\" controls=\"controls\"><source type=\"audio\/mpeg\" src=\"https:\/\/conectamedia.s3.amazonaws.com\/6474e9742105e777b9c08ac2.mp3?_=2\" \/><a href=\"https:\/\/conectamedia.s3.amazonaws.com\/6474e9742105e777b9c08ac2.mp3\">https:\/\/conectamedia.s3.amazonaws.com\/6474e9742105e777b9c08ac2.mp3<\/a><\/audio>\n<\/div><\/figure>\n\n\n\n<figure class=\"wp-block-embed is-type-rich is-provider-gestor-del-servicio wp-block-embed-gestor-del-servicio\"><div class=\"wp-block-embed__wrapper\">\n<audio class=\"wp-audio-shortcode\" id=\"audio-6836-3\" preload=\"none\" style=\"width: 100%;\" controls=\"controls\"><source type=\"audio\/mpeg\" src=\"https:\/\/conectamedia.s3.amazonaws.com\/6474eb3b2105e777b9c08ad1.mp3?_=3\" \/><a href=\"https:\/\/conectamedia.s3.amazonaws.com\/6474eb3b2105e777b9c08ad1.mp3\">https:\/\/conectamedia.s3.amazonaws.com\/6474eb3b2105e777b9c08ad1.mp3<\/a><\/audio>\n<\/div><\/figure>\n","protected":false},"excerpt":{"rendered":"<p>El Decano de la Facultad de Gobierno UDD, Eugenio Guzm\u00e1n, participa en el programa Primer Caf\u00e9 de Radio Cooperativa, en una discusi\u00f3n sobre el panorama pol\u00edtica nacional y proyecciones del proceso constituyente.<\/p>\n","protected":false},"author":9192236,"featured_media":6837,"comment_status":"closed","ping_status":"open","sticky":false,"template":"","format":"standard","meta":{"footnotes":""},"categories":[10162],"tags":[],"class_list":["post-6836","post","type-post","status-publish","format-standard","has-post-thumbnail","hentry","category-centro-en-la-prensa"],"featured_image_url":"https:\/\/gobierno.udd.cl\/cpp\/files\/2023\/05\/image-1.png","_links":{"self":[{"href":"https:\/\/gobierno.udd.cl\/cpp\/wp-json\/wp\/v2\/posts\/6836","targetHints":{"allow":["GET"]}}],"collection":[{"href":"https:\/\/gobierno.udd.cl\/cpp\/wp-json\/wp\/v2\/posts"}],"about":[{"href":"https:\/\/gobierno.udd.cl\/cpp\/wp-json\/wp\/v2\/types\/post"}],"author":[{"embeddable":true,"href":"https:\/\/gobierno.udd.cl\/cpp\/wp-json\/wp\/v2\/users\/9192236"}],"replies":[{"embeddable":true,"href":"https:\/\/gobierno.udd.cl\/cpp\/wp-json\/wp\/v2\/comments?post=6836"}],"version-history":[{"count":1,"href":"https:\/\/gobierno.udd.cl\/cpp\/wp-json\/wp\/v2\/posts\/6836\/revisions"}],"predecessor-version":[{"id":6838,"href":"https:\/\/gobierno.udd.cl\/cpp\/wp-json\/wp\/v2\/posts\/6836\/revisions\/6838"}],"wp:featuredmedia":[{"embeddable":true,"href":"https:\/\/gobierno.udd.cl\/cpp\/wp-json\/wp\/v2\/media\/6837"}],"wp:attachment":[{"href":"https:\/\/gobierno.udd.cl\/cpp\/wp-json\/wp\/v2\/media?parent=6836"}],"wp:term":[{"taxonomy":"category","embeddable":true,"href":"https:\/\/gobierno.udd.cl\/cpp\/wp-json\/wp\/v2\/categories?post=6836"},{"taxonomy":"post_tag","embeddable":true,"href":"https:\/\/gobierno.udd.cl\/cpp\/wp-json\/wp\/v2\/tags?post=6836"}],"curies":[{"name":"wp","href":"https:\/\/api.w.org\/{rel}","templated":true}]}}