{"id":6802,"date":"2023-03-28T10:28:39","date_gmt":"2023-03-28T13:28:39","guid":{"rendered":"https:\/\/gobierno.udd.cl\/cpp\/?p=6802"},"modified":"2023-03-28T10:30:48","modified_gmt":"2023-03-28T13:30:48","slug":"como-es-la-narcocultura-en-chile-una-mirada-al-fenomeno-que-sigue-avanzando-en-las-ciudades-del-pais","status":"publish","type":"post","link":"https:\/\/gobierno.udd.cl\/cpp\/noticias\/2023\/03\/28\/como-es-la-narcocultura-en-chile-una-mirada-al-fenomeno-que-sigue-avanzando-en-las-ciudades-del-pais\/","title":{"rendered":"\u00bfC\u00f3mo es la narcocultura en Chile?: Una mirada al fen\u00f3meno que sigue avanzando en las ciudades del pa\u00eds"},"content":{"rendered":"\n<p>Revisa las declaraciones del investigador del Centro de Pol\u00edticas P\u00fablicas, <strong>Jos\u00e9 de la Cruz Garrido<\/strong>, por el fen\u00f3meno de la narcocultura, <a href=\"http:\/\/www.guioteca.com\/facts\/como-es-la-narcocultura-en-chile-una-mirada-al-fenomeno-que-sigue-avanzando-en-las-ciudades-del-pais\/\" target=\"_blank\" rel=\"noreferrer noopener\">aqu\u00ed<\/a>. <br>Medio: La Guioteca<\/p>\n\n\n\n<figure class=\"wp-block-image aligncenter size-full\"><a href=\"http:\/\/www.guioteca.com\/facts\/como-es-la-narcocultura-en-chile-una-mirada-al-fenomeno-que-sigue-avanzando-en-las-ciudades-del-pais\/\" target=\"_blank\" rel=\"noreferrer noopener\"><img loading=\"lazy\" decoding=\"async\" width=\"491\" height=\"646\" src=\"https:\/\/gobierno.udd.cl\/cpp\/files\/2023\/03\/image.png\" alt=\"\" class=\"wp-image-6803\" srcset=\"https:\/\/gobierno.udd.cl\/cpp\/files\/2023\/03\/image.png 491w, https:\/\/gobierno.udd.cl\/cpp\/files\/2023\/03\/image-228x300.png 228w\" sizes=\"auto, (max-width: 491px) 100vw, 491px\" \/><\/a><\/figure>\n","protected":false},"excerpt":{"rendered":"<p>Revisa las declaraciones del investigador del Centro de Pol\u00edticas P\u00fablicas, Jos\u00e9 de la Cruz Garrido, por el fen\u00f3meno de la narcocultura, aqu\u00ed. Medio: La Guioteca<\/p>\n","protected":false},"author":9192236,"featured_media":5853,"comment_status":"closed","ping_status":"open","sticky":false,"template":"","format":"standard","meta":{"footnotes":""},"categories":[10162],"tags":[11824,8108,4176],"class_list":["post-6802","post","type-post","status-publish","format-standard","has-post-thumbnail","hentry","category-centro-en-la-prensa","tag-cpp","tag-jose-de-la-cruz-garrido","tag-udd"],"featured_image_url":"https:\/\/gobierno.udd.cl\/cpp\/files\/2020\/11\/DSC_3813-2-scaled-e1680010233264.jpg","_links":{"self":[{"href":"https:\/\/gobierno.udd.cl\/cpp\/wp-json\/wp\/v2\/posts\/6802","targetHints":{"allow":["GET"]}}],"collection":[{"href":"https:\/\/gobierno.udd.cl\/cpp\/wp-json\/wp\/v2\/posts"}],"about":[{"href":"https:\/\/gobierno.udd.cl\/cpp\/wp-json\/wp\/v2\/types\/post"}],"author":[{"embeddable":true,"href":"https:\/\/gobierno.udd.cl\/cpp\/wp-json\/wp\/v2\/users\/9192236"}],"replies":[{"embeddable":true,"href":"https:\/\/gobierno.udd.cl\/cpp\/wp-json\/wp\/v2\/comments?post=6802"}],"version-history":[{"count":1,"href":"https:\/\/gobierno.udd.cl\/cpp\/wp-json\/wp\/v2\/posts\/6802\/revisions"}],"predecessor-version":[{"id":6804,"href":"https:\/\/gobierno.udd.cl\/cpp\/wp-json\/wp\/v2\/posts\/6802\/revisions\/6804"}],"wp:featuredmedia":[{"embeddable":true,"href":"https:\/\/gobierno.udd.cl\/cpp\/wp-json\/wp\/v2\/media\/5853"}],"wp:attachment":[{"href":"https:\/\/gobierno.udd.cl\/cpp\/wp-json\/wp\/v2\/media?parent=6802"}],"wp:term":[{"taxonomy":"category","embeddable":true,"href":"https:\/\/gobierno.udd.cl\/cpp\/wp-json\/wp\/v2\/categories?post=6802"},{"taxonomy":"post_tag","embeddable":true,"href":"https:\/\/gobierno.udd.cl\/cpp\/wp-json\/wp\/v2\/tags?post=6802"}],"curies":[{"name":"wp","href":"https:\/\/api.w.org\/{rel}","templated":true}]}}