{"id":6787,"date":"2023-03-08T11:57:09","date_gmt":"2023-03-08T14:57:09","guid":{"rendered":"https:\/\/gobierno.udd.cl\/cpp\/?p=6787"},"modified":"2023-03-08T11:57:10","modified_gmt":"2023-03-08T14:57:10","slug":"gonzalo-muller-analiza-el-primer-ano-de-gobierno-del-presidente-boric","status":"publish","type":"post","link":"https:\/\/gobierno.udd.cl\/cpp\/noticias\/2023\/03\/08\/gonzalo-muller-analiza-el-primer-ano-de-gobierno-del-presidente-boric\/","title":{"rendered":"Gonzalo M\u00fcller analiza el primer a\u00f1o de gobierno del Presidente Boric"},"content":{"rendered":"\n<p>Te invitamos a leer las declaraciones del director del Centro de Pol\u00edticas Publicas, Gonzalo M\u00fcller, en <strong>Cr\u00f3nica de Chill\u00e1n<\/strong> a d\u00edas de cumplir el primer a\u00f1o de gobierno el Presidente Gabriel Boric. <\/p>\n\n\n\n<figure class=\"wp-block-gallery has-nested-images columns-default is-cropped wp-block-gallery-1 is-layout-flex wp-block-gallery-is-layout-flex\">\n<figure class=\"wp-block-image size-large\"><a href=\"https:\/\/gobierno.udd.cl\/cpp\/files\/2023\/03\/chillan1.jpg\"><img loading=\"lazy\" decoding=\"async\" width=\"1440\" height=\"2058\" data-id=\"6788\" src=\"http:\/\/gobierno.udd.cl\/cpp\/files\/2023\/03\/chillan1.jpg\" alt=\"\" class=\"wp-image-6788\" srcset=\"https:\/\/gobierno.udd.cl\/cpp\/files\/2023\/03\/chillan1.jpg 1440w, https:\/\/gobierno.udd.cl\/cpp\/files\/2023\/03\/chillan1-210x300.jpg 210w, https:\/\/gobierno.udd.cl\/cpp\/files\/2023\/03\/chillan1-717x1024.jpg 717w, https:\/\/gobierno.udd.cl\/cpp\/files\/2023\/03\/chillan1-768x1098.jpg 768w, https:\/\/gobierno.udd.cl\/cpp\/files\/2023\/03\/chillan1-1075x1536.jpg 1075w, https:\/\/gobierno.udd.cl\/cpp\/files\/2023\/03\/chillan1-1433x2048.jpg 1433w\" sizes=\"auto, (max-width: 1440px) 100vw, 1440px\" \/><\/a><\/figure>\n\n\n\n<figure class=\"wp-block-image size-large\"><a href=\"https:\/\/gobierno.udd.cl\/cpp\/files\/2023\/03\/chillan2.jpg\"><img loading=\"lazy\" decoding=\"async\" width=\"1440\" height=\"2058\" data-id=\"6789\" src=\"http:\/\/gobierno.udd.cl\/cpp\/files\/2023\/03\/chillan2.jpg\" alt=\"\" class=\"wp-image-6789\" srcset=\"https:\/\/gobierno.udd.cl\/cpp\/files\/2023\/03\/chillan2.jpg 1440w, https:\/\/gobierno.udd.cl\/cpp\/files\/2023\/03\/chillan2-210x300.jpg 210w, https:\/\/gobierno.udd.cl\/cpp\/files\/2023\/03\/chillan2-717x1024.jpg 717w, https:\/\/gobierno.udd.cl\/cpp\/files\/2023\/03\/chillan2-768x1098.jpg 768w, https:\/\/gobierno.udd.cl\/cpp\/files\/2023\/03\/chillan2-1075x1536.jpg 1075w, https:\/\/gobierno.udd.cl\/cpp\/files\/2023\/03\/chillan2-1433x2048.jpg 1433w\" sizes=\"auto, (max-width: 1440px) 100vw, 1440px\" \/><\/a><\/figure>\n<\/figure>\n","protected":false},"excerpt":{"rendered":"<p>Te invitamos a leer las declaraciones del director del Centro de Pol\u00edticas Publicas, Gonzalo M\u00fcller, en Cr\u00f3nica de Chill\u00e1n a d\u00edas de cumplir el primer a\u00f1o de gobierno el Presidente Gabriel Boric.<\/p>\n","protected":false},"author":9192237,"featured_media":3407,"comment_status":"closed","ping_status":"open","sticky":false,"template":"","format":"standard","meta":{"footnotes":""},"categories":[10162],"tags":[11824,8140,3801,4176],"class_list":["post-6787","post","type-post","status-publish","format-standard","has-post-thumbnail","hentry","category-centro-en-la-prensa","tag-cpp","tag-gonzalo-muller","tag-politicas-publicas","tag-udd"],"featured_image_url":"https:\/\/gobierno.udd.cl\/cpp\/files\/2018\/04\/Gonzalo-M\u00fcller_destacada-220x260.jpg","_links":{"self":[{"href":"https:\/\/gobierno.udd.cl\/cpp\/wp-json\/wp\/v2\/posts\/6787","targetHints":{"allow":["GET"]}}],"collection":[{"href":"https:\/\/gobierno.udd.cl\/cpp\/wp-json\/wp\/v2\/posts"}],"about":[{"href":"https:\/\/gobierno.udd.cl\/cpp\/wp-json\/wp\/v2\/types\/post"}],"author":[{"embeddable":true,"href":"https:\/\/gobierno.udd.cl\/cpp\/wp-json\/wp\/v2\/users\/9192237"}],"replies":[{"embeddable":true,"href":"https:\/\/gobierno.udd.cl\/cpp\/wp-json\/wp\/v2\/comments?post=6787"}],"version-history":[{"count":1,"href":"https:\/\/gobierno.udd.cl\/cpp\/wp-json\/wp\/v2\/posts\/6787\/revisions"}],"predecessor-version":[{"id":6790,"href":"https:\/\/gobierno.udd.cl\/cpp\/wp-json\/wp\/v2\/posts\/6787\/revisions\/6790"}],"wp:featuredmedia":[{"embeddable":true,"href":"https:\/\/gobierno.udd.cl\/cpp\/wp-json\/wp\/v2\/media\/3407"}],"wp:attachment":[{"href":"https:\/\/gobierno.udd.cl\/cpp\/wp-json\/wp\/v2\/media?parent=6787"}],"wp:term":[{"taxonomy":"category","embeddable":true,"href":"https:\/\/gobierno.udd.cl\/cpp\/wp-json\/wp\/v2\/categories?post=6787"},{"taxonomy":"post_tag","embeddable":true,"href":"https:\/\/gobierno.udd.cl\/cpp\/wp-json\/wp\/v2\/tags?post=6787"}],"curies":[{"name":"wp","href":"https:\/\/api.w.org\/{rel}","templated":true}]}}