{"id":678,"date":"2014-07-12T19:03:36","date_gmt":"2014-07-12T23:03:36","guid":{"rendered":"http:\/\/gobierno.udd.cl\/cpp\/?p=678"},"modified":"2015-01-25T19:05:08","modified_gmt":"2015-01-25T22:05:08","slug":"mercado-electoral-por-jose-de-la-cruz-garrido","status":"publish","type":"post","link":"https:\/\/gobierno.udd.cl\/cpp\/noticias\/2014\/07\/12\/mercado-electoral-por-jose-de-la-cruz-garrido\/","title":{"rendered":"\u00abMERCADO ELECTORAL\u00bb POR JOS\u00c9 DE LA CRUZ GARRIDO"},"content":{"rendered":"<p style=\"text-align: justify;\">Una an\u00e9cdota dice que cuando se liberalizaron los precios en los 70, un empresario se quejaba frente a una autoridad que los precios del cuero se hab\u00edan disparado un 500%. \u201cVaya a China\u201d, le habr\u00eda respondido la autoridad. Y es que resulta innegable que el voto voluntario tiene que ser analizado bajo el prisma de un mercado que est\u00e1 en ajuste, en que el Estado hace un pago por voto emitido y los agentes asumen los costos de ir a votar y eligen pol\u00edticos asociados a programas de pol\u00edtica p\u00fablica. Al igual que cuando se liberalizaron los precios anta\u00f1o, los mercados libres entregan mayor informaci\u00f3n que aquellos que est\u00e1n bajo coacci\u00f3n, prohibici\u00f3n o discriminaci\u00f3n. Sabemos cu\u00e1ntos y d\u00f3nde votaron en primera vuelta, por qu\u00e9 programa, y cu\u00e1ntos en una segunda vuelta lo hicieron ahora enfrentados a dos alternativas. Sabemos que muchos de los que votaron en primera vuelta luego no les atrajeron los proyectos de las candidatas de la segunda vuelta. Contra la opini\u00f3n de un senador socialista que aboga por restaurar la obligaci\u00f3n, dados los beneficios que ofrece el arreglo social a sus miembros, cabe recordar que esos beneficios surgen tambi\u00e9n del trabajo y el pago de los contribuyentes y los programas que \u00e9stos eligen, y no de deberes espurios. Por lo mismo, queda bajar los costos de ir a votar y los partidos tendr\u00e1n que invertir en ingenier\u00eda electoral y marketing pol\u00edtico, el que apoyado por las nuevas tecnolog\u00edas podr\u00e1n ofrecer candidaturas en sinton\u00eda con lo que los ciudadanos esperan de sus pol\u00edticos. As\u00ed, de seguro que al igual que el empresario de anta\u00f1o, los pol\u00edticos se acostumbren a un mercado competitivo, libre y abierto, donde no te puedes dormir en los laureles.<\/p>\n","protected":false},"excerpt":{"rendered":"<p>Una an\u00e9cdota dice que cuando se liberalizaron los precios en los 70, un empresario se quejaba frente a una autoridad que los precios del cuero se hab\u00edan disparado un 500%. \u201cVaya a China\u201d, le habr\u00eda respondido la autoridad. Y es que resulta innegable que el voto voluntario tiene que ser analizado bajo el prisma de [&hellip;]<\/p>\n","protected":false},"author":22,"featured_media":464,"comment_status":"open","ping_status":"open","sticky":false,"template":"","format":"standard","meta":{"footnotes":""},"categories":[7405],"tags":[],"class_list":["post-678","post","type-post","status-publish","format-standard","has-post-thumbnail","hentry","category-columnas-de-opinion-elecciones-udd"],"featured_image_url":"https:\/\/gobierno.udd.cl\/cpp\/files\/2014\/12\/garrido.jpg","_links":{"self":[{"href":"https:\/\/gobierno.udd.cl\/cpp\/wp-json\/wp\/v2\/posts\/678","targetHints":{"allow":["GET"]}}],"collection":[{"href":"https:\/\/gobierno.udd.cl\/cpp\/wp-json\/wp\/v2\/posts"}],"about":[{"href":"https:\/\/gobierno.udd.cl\/cpp\/wp-json\/wp\/v2\/types\/post"}],"author":[{"embeddable":true,"href":"https:\/\/gobierno.udd.cl\/cpp\/wp-json\/wp\/v2\/users\/22"}],"replies":[{"embeddable":true,"href":"https:\/\/gobierno.udd.cl\/cpp\/wp-json\/wp\/v2\/comments?post=678"}],"version-history":[{"count":1,"href":"https:\/\/gobierno.udd.cl\/cpp\/wp-json\/wp\/v2\/posts\/678\/revisions"}],"predecessor-version":[{"id":679,"href":"https:\/\/gobierno.udd.cl\/cpp\/wp-json\/wp\/v2\/posts\/678\/revisions\/679"}],"wp:featuredmedia":[{"embeddable":true,"href":"https:\/\/gobierno.udd.cl\/cpp\/wp-json\/wp\/v2\/media\/464"}],"wp:attachment":[{"href":"https:\/\/gobierno.udd.cl\/cpp\/wp-json\/wp\/v2\/media?parent=678"}],"wp:term":[{"taxonomy":"category","embeddable":true,"href":"https:\/\/gobierno.udd.cl\/cpp\/wp-json\/wp\/v2\/categories?post=678"},{"taxonomy":"post_tag","embeddable":true,"href":"https:\/\/gobierno.udd.cl\/cpp\/wp-json\/wp\/v2\/tags?post=678"}],"curies":[{"name":"wp","href":"https:\/\/api.w.org\/{rel}","templated":true}]}}