{"id":6768,"date":"2023-01-18T18:36:04","date_gmt":"2023-01-18T21:36:04","guid":{"rendered":"https:\/\/gobierno.udd.cl\/cpp\/?p=6768"},"modified":"2023-01-19T16:39:09","modified_gmt":"2023-01-19T19:39:09","slug":"lista-del-indulto-como-impactan-los-dichos-de-girardi-y-los-motivos-de-la-moneda-para-empujar-una-sola-nomina","status":"publish","type":"post","link":"https:\/\/gobierno.udd.cl\/cpp\/noticias\/2023\/01\/18\/lista-del-indulto-como-impactan-los-dichos-de-girardi-y-los-motivos-de-la-moneda-para-empujar-una-sola-nomina\/","title":{"rendered":"\u00abLista del indulto\u00bb: C\u00f3mo impactan los dichos de Girardi y los motivos de La Moneda para empujar una sola n\u00f3mina"},"content":{"rendered":"\n<p>Revisa la nota con declaraciones de Gonzalo M\u00fcller, director del Centro de Pol\u00edticas P\u00fablicas, <a href=\"https:\/\/www.emol.com\/noticias\/Nacional\/2023\/01\/17\/1084025\/lista-consejeros-constitucionales-oficialismo.html\" target=\"_blank\" rel=\"noreferrer noopener\">aqu\u00ed<\/a>. <\/p>\n\n\n\n<figure class=\"wp-block-image aligncenter size-large is-resized\"><a href=\"https:\/\/www.emol.com\/noticias\/Nacional\/2023\/01\/17\/1084025\/lista-consejeros-constitucionales-oficialismo.html\" target=\"_blank\" rel=\"noreferrer noopener\"><img loading=\"lazy\" decoding=\"async\" src=\"https:\/\/gobierno.udd.cl\/cpp\/files\/2023\/01\/image-1024x748.png\" alt=\"\" class=\"wp-image-6769\" width=\"1024\" height=\"748\" srcset=\"https:\/\/gobierno.udd.cl\/cpp\/files\/2023\/01\/image-1024x748.png 1024w, https:\/\/gobierno.udd.cl\/cpp\/files\/2023\/01\/image-300x219.png 300w, https:\/\/gobierno.udd.cl\/cpp\/files\/2023\/01\/image-768x561.png 768w, https:\/\/gobierno.udd.cl\/cpp\/files\/2023\/01\/image.png 1091w\" sizes=\"auto, (max-width: 1024px) 100vw, 1024px\" \/><\/a><\/figure>\n\n\n\n<p><br><\/p>\n","protected":false},"excerpt":{"rendered":"<p>Revisa la nota con declaraciones de Gonzalo M\u00fcller, director del Centro de Pol\u00edticas P\u00fablicas, aqu\u00ed.<\/p>\n","protected":false},"author":9192237,"featured_media":6770,"comment_status":"open","ping_status":"open","sticky":false,"template":"","format":"standard","meta":{"footnotes":""},"categories":[10162],"tags":[11824,7380,8140,3801,4176],"class_list":["post-6768","post","type-post","status-publish","format-standard","has-post-thumbnail","hentry","category-centro-en-la-prensa","tag-cpp","tag-eugenio-guzman","tag-gonzalo-muller","tag-politicas-publicas","tag-udd"],"featured_image_url":"https:\/\/gobierno.udd.cl\/cpp\/files\/2023\/01\/image-1.png","_links":{"self":[{"href":"https:\/\/gobierno.udd.cl\/cpp\/wp-json\/wp\/v2\/posts\/6768","targetHints":{"allow":["GET"]}}],"collection":[{"href":"https:\/\/gobierno.udd.cl\/cpp\/wp-json\/wp\/v2\/posts"}],"about":[{"href":"https:\/\/gobierno.udd.cl\/cpp\/wp-json\/wp\/v2\/types\/post"}],"author":[{"embeddable":true,"href":"https:\/\/gobierno.udd.cl\/cpp\/wp-json\/wp\/v2\/users\/9192237"}],"replies":[{"embeddable":true,"href":"https:\/\/gobierno.udd.cl\/cpp\/wp-json\/wp\/v2\/comments?post=6768"}],"version-history":[{"count":1,"href":"https:\/\/gobierno.udd.cl\/cpp\/wp-json\/wp\/v2\/posts\/6768\/revisions"}],"predecessor-version":[{"id":6771,"href":"https:\/\/gobierno.udd.cl\/cpp\/wp-json\/wp\/v2\/posts\/6768\/revisions\/6771"}],"wp:featuredmedia":[{"embeddable":true,"href":"https:\/\/gobierno.udd.cl\/cpp\/wp-json\/wp\/v2\/media\/6770"}],"wp:attachment":[{"href":"https:\/\/gobierno.udd.cl\/cpp\/wp-json\/wp\/v2\/media?parent=6768"}],"wp:term":[{"taxonomy":"category","embeddable":true,"href":"https:\/\/gobierno.udd.cl\/cpp\/wp-json\/wp\/v2\/categories?post=6768"},{"taxonomy":"post_tag","embeddable":true,"href":"https:\/\/gobierno.udd.cl\/cpp\/wp-json\/wp\/v2\/tags?post=6768"}],"curies":[{"name":"wp","href":"https:\/\/api.w.org\/{rel}","templated":true}]}}