{"id":6754,"date":"2022-11-23T11:03:00","date_gmt":"2022-11-23T14:03:00","guid":{"rendered":"https:\/\/gobierno.udd.cl\/cpp\/?p=6754"},"modified":"2022-11-29T11:03:45","modified_gmt":"2022-11-29T14:03:45","slug":"programa-directo-al-grano-65","status":"publish","type":"post","link":"https:\/\/gobierno.udd.cl\/cpp\/noticias\/2022\/11\/23\/programa-directo-al-grano-65\/","title":{"rendered":"Programa \u00abDirecto al grano\u00bb"},"content":{"rendered":"\n<h3 class=\"wp-block-heading\">Cr\u00edticas a Ministra de Justicia<\/h3>\n\n\n<audio class=\"wp-audio-shortcode\" id=\"audio-6754-1\" preload=\"none\" style=\"width: 100%;\" controls=\"controls\"><source type=\"audio\/mpeg\" src=\"https:\/\/conectamedia.s3.amazonaws.com\/637e5ef2869c1a150299524f.mp3?_=1\" \/><a href=\"https:\/\/conectamedia.s3.amazonaws.com\/637e5ef2869c1a150299524f.mp3\">https:\/\/conectamedia.s3.amazonaws.com\/637e5ef2869c1a150299524f.mp3<\/a><\/audio>\n\n\n<h3 class=\"wp-block-heading\">Bajo reconocimiento de ministros<\/h3>\n\n\n<audio class=\"wp-audio-shortcode\" id=\"audio-6754-2\" preload=\"none\" style=\"width: 100%;\" controls=\"controls\"><source type=\"audio\/mpeg\" src=\"https:\/\/conectamedia.s3.amazonaws.com\/637e6040bd8c00acb72fe475.mp3?_=2\" \/><a href=\"https:\/\/conectamedia.s3.amazonaws.com\/637e6040bd8c00acb72fe475.mp3\">https:\/\/conectamedia.s3.amazonaws.com\/637e6040bd8c00acb72fe475.mp3<\/a><\/audio>\n\n\n<h3 class=\"wp-block-heading\">Los problemas en el Gobierno<\/h3>\n\n\n<audio class=\"wp-audio-shortcode\" id=\"audio-6754-3\" preload=\"none\" style=\"width: 100%;\" controls=\"controls\"><source type=\"audio\/mpeg\" src=\"https:\/\/conectamedia.s3.amazonaws.com\/637e60eaae801c30ebfd9c68.mp3?_=3\" \/><a href=\"https:\/\/conectamedia.s3.amazonaws.com\/637e60eaae801c30ebfd9c68.mp3\">https:\/\/conectamedia.s3.amazonaws.com\/637e60eaae801c30ebfd9c68.mp3<\/a><\/audio>","protected":false},"excerpt":{"rendered":"<p>Medio: Radio Agricultura<br \/>\nConduce: Gonzalo M\u00fcller, director del Centro de Pol\u00edticas P\u00fablicas UDD.<br \/>\nPanelista: Rodrigo Arellano, vicedecano de la Facultad de Gobierno UDD. <\/p>\n","protected":false},"author":22,"featured_media":5939,"comment_status":"open","ping_status":"open","sticky":false,"template":"","format":"standard","meta":{"footnotes":""},"categories":[10162],"tags":[],"class_list":["post-6754","post","type-post","status-publish","format-standard","has-post-thumbnail","hentry","category-centro-en-la-prensa"],"featured_image_url":"https:\/\/gobierno.udd.cl\/cpp\/files\/2020\/11\/Dise\u00f1o-sin-t\u00edtulo-12.png","_links":{"self":[{"href":"https:\/\/gobierno.udd.cl\/cpp\/wp-json\/wp\/v2\/posts\/6754","targetHints":{"allow":["GET"]}}],"collection":[{"href":"https:\/\/gobierno.udd.cl\/cpp\/wp-json\/wp\/v2\/posts"}],"about":[{"href":"https:\/\/gobierno.udd.cl\/cpp\/wp-json\/wp\/v2\/types\/post"}],"author":[{"embeddable":true,"href":"https:\/\/gobierno.udd.cl\/cpp\/wp-json\/wp\/v2\/users\/22"}],"replies":[{"embeddable":true,"href":"https:\/\/gobierno.udd.cl\/cpp\/wp-json\/wp\/v2\/comments?post=6754"}],"version-history":[{"count":1,"href":"https:\/\/gobierno.udd.cl\/cpp\/wp-json\/wp\/v2\/posts\/6754\/revisions"}],"predecessor-version":[{"id":6755,"href":"https:\/\/gobierno.udd.cl\/cpp\/wp-json\/wp\/v2\/posts\/6754\/revisions\/6755"}],"wp:featuredmedia":[{"embeddable":true,"href":"https:\/\/gobierno.udd.cl\/cpp\/wp-json\/wp\/v2\/media\/5939"}],"wp:attachment":[{"href":"https:\/\/gobierno.udd.cl\/cpp\/wp-json\/wp\/v2\/media?parent=6754"}],"wp:term":[{"taxonomy":"category","embeddable":true,"href":"https:\/\/gobierno.udd.cl\/cpp\/wp-json\/wp\/v2\/categories?post=6754"},{"taxonomy":"post_tag","embeddable":true,"href":"https:\/\/gobierno.udd.cl\/cpp\/wp-json\/wp\/v2\/tags?post=6754"}],"curies":[{"name":"wp","href":"https:\/\/api.w.org\/{rel}","templated":true}]}}