{"id":6751,"date":"2022-11-21T10:57:00","date_gmt":"2022-11-21T13:57:00","guid":{"rendered":"https:\/\/gobierno.udd.cl\/cpp\/?p=6751"},"modified":"2022-11-29T10:59:31","modified_gmt":"2022-11-29T13:59:31","slug":"muller-y-reforma-previsional-fracaso-puede-significar-deslegitimizacion-del-sistema-politico","status":"publish","type":"post","link":"https:\/\/gobierno.udd.cl\/cpp\/noticias\/2022\/11\/21\/muller-y-reforma-previsional-fracaso-puede-significar-deslegitimizacion-del-sistema-politico\/","title":{"rendered":"M\u00fcller y reforma previsional: \u00abFracaso puede significar deslegitimizaci\u00f3n del sistema pol\u00edtico\u00bb"},"content":{"rendered":"\n<p>El director del Centro de Pol\u00edticas P\u00fablicas de la UDD se\u00f1al\u00f3 sobre el Presidente que \u00abcambiar de posici\u00f3n no es malo, pero debe ser sincero, no puede ser s\u00f3lo declaraci\u00f3n\u00bb y sobre el Gobierno indic\u00f3 que \u00abpareciera que nos quedamos en los anuncios\u00bb.<\/p>\n\n\n<div style=\"width: 640px;\" class=\"wp-video\"><video class=\"wp-video-shortcode\" id=\"video-6751-1\" width=\"640\" height=\"360\" preload=\"metadata\" controls=\"controls\"><source type=\"video\/mp4\" src=\"http:\/\/\/\/videosetv.ecn.cl\/EMOLTV_V2_20221121141902714_480p.mp4?_=1\" \/><a href=\"http:\/\/\/\/videosetv.ecn.cl\/EMOLTV_V2_20221121141902714_480p.mp4\">http:\/\/\/\/videosetv.ecn.cl\/EMOLTV_V2_20221121141902714_480p.mp4<\/a><\/video><\/div>","protected":false},"excerpt":{"rendered":"<p>Medio: Emol TV<\/p>\n","protected":false},"author":22,"featured_media":5979,"comment_status":"open","ping_status":"open","sticky":false,"template":"","format":"standard","meta":{"footnotes":""},"categories":[10162],"tags":[],"class_list":["post-6751","post","type-post","status-publish","format-standard","has-post-thumbnail","hentry","category-centro-en-la-prensa"],"featured_image_url":"https:\/\/gobierno.udd.cl\/cpp\/files\/2020\/12\/logos-medios-3.png","_links":{"self":[{"href":"https:\/\/gobierno.udd.cl\/cpp\/wp-json\/wp\/v2\/posts\/6751","targetHints":{"allow":["GET"]}}],"collection":[{"href":"https:\/\/gobierno.udd.cl\/cpp\/wp-json\/wp\/v2\/posts"}],"about":[{"href":"https:\/\/gobierno.udd.cl\/cpp\/wp-json\/wp\/v2\/types\/post"}],"author":[{"embeddable":true,"href":"https:\/\/gobierno.udd.cl\/cpp\/wp-json\/wp\/v2\/users\/22"}],"replies":[{"embeddable":true,"href":"https:\/\/gobierno.udd.cl\/cpp\/wp-json\/wp\/v2\/comments?post=6751"}],"version-history":[{"count":1,"href":"https:\/\/gobierno.udd.cl\/cpp\/wp-json\/wp\/v2\/posts\/6751\/revisions"}],"predecessor-version":[{"id":6752,"href":"https:\/\/gobierno.udd.cl\/cpp\/wp-json\/wp\/v2\/posts\/6751\/revisions\/6752"}],"wp:featuredmedia":[{"embeddable":true,"href":"https:\/\/gobierno.udd.cl\/cpp\/wp-json\/wp\/v2\/media\/5979"}],"wp:attachment":[{"href":"https:\/\/gobierno.udd.cl\/cpp\/wp-json\/wp\/v2\/media?parent=6751"}],"wp:term":[{"taxonomy":"category","embeddable":true,"href":"https:\/\/gobierno.udd.cl\/cpp\/wp-json\/wp\/v2\/categories?post=6751"},{"taxonomy":"post_tag","embeddable":true,"href":"https:\/\/gobierno.udd.cl\/cpp\/wp-json\/wp\/v2\/tags?post=6751"}],"curies":[{"name":"wp","href":"https:\/\/api.w.org\/{rel}","templated":true}]}}