{"id":6673,"date":"2022-09-13T13:10:00","date_gmt":"2022-09-13T16:10:00","guid":{"rendered":"http:\/\/gobierno.udd.cl\/cpp\/?p=6673"},"modified":"2022-09-29T13:13:00","modified_gmt":"2022-09-29T16:13:00","slug":"resultado-del-plebiscito-efectos-politicos-y-nuevo-proceso-constituyente","status":"publish","type":"post","link":"https:\/\/gobierno.udd.cl\/cpp\/noticias\/2022\/09\/13\/resultado-del-plebiscito-efectos-politicos-y-nuevo-proceso-constituyente\/","title":{"rendered":"Resultado del plebiscito, efectos pol\u00edticos y nuevo proceso constituyente"},"content":{"rendered":"<audio class=\"wp-audio-shortcode\" id=\"audio-6673-1\" preload=\"none\" style=\"width: 100%;\" controls=\"controls\"><source type=\"audio\/mpeg\" src=\"https:\/\/conectamedia.s3.amazonaws.com\/6320a05d73eca7bbda503a8f.mp3?_=1\" \/><a href=\"https:\/\/conectamedia.s3.amazonaws.com\/6320a05d73eca7bbda503a8f.mp3\">https:\/\/conectamedia.s3.amazonaws.com\/6320a05d73eca7bbda503a8f.mp3<\/a><\/audio>\n","protected":false},"excerpt":{"rendered":"<p>Medio: C Radio<br \/>\nPrograma: Ra\u00edz Econ\u00f3mica<br \/>\nEntrevista a Gonzalo M\u00fcller: director del Centro de Pol\u00edticas P\u00fablicas UDD. <\/p>\n","protected":false},"author":22,"featured_media":6675,"comment_status":"open","ping_status":"open","sticky":false,"template":"","format":"standard","meta":{"footnotes":""},"categories":[10162],"tags":[],"class_list":["post-6673","post","type-post","status-publish","format-standard","has-post-thumbnail","hentry","category-centro-en-la-prensa"],"featured_image_url":"https:\/\/gobierno.udd.cl\/cpp\/files\/2022\/09\/Logos-medios-1-1.png","_links":{"self":[{"href":"https:\/\/gobierno.udd.cl\/cpp\/wp-json\/wp\/v2\/posts\/6673","targetHints":{"allow":["GET"]}}],"collection":[{"href":"https:\/\/gobierno.udd.cl\/cpp\/wp-json\/wp\/v2\/posts"}],"about":[{"href":"https:\/\/gobierno.udd.cl\/cpp\/wp-json\/wp\/v2\/types\/post"}],"author":[{"embeddable":true,"href":"https:\/\/gobierno.udd.cl\/cpp\/wp-json\/wp\/v2\/users\/22"}],"replies":[{"embeddable":true,"href":"https:\/\/gobierno.udd.cl\/cpp\/wp-json\/wp\/v2\/comments?post=6673"}],"version-history":[{"count":2,"href":"https:\/\/gobierno.udd.cl\/cpp\/wp-json\/wp\/v2\/posts\/6673\/revisions"}],"predecessor-version":[{"id":6676,"href":"https:\/\/gobierno.udd.cl\/cpp\/wp-json\/wp\/v2\/posts\/6673\/revisions\/6676"}],"wp:featuredmedia":[{"embeddable":true,"href":"https:\/\/gobierno.udd.cl\/cpp\/wp-json\/wp\/v2\/media\/6675"}],"wp:attachment":[{"href":"https:\/\/gobierno.udd.cl\/cpp\/wp-json\/wp\/v2\/media?parent=6673"}],"wp:term":[{"taxonomy":"category","embeddable":true,"href":"https:\/\/gobierno.udd.cl\/cpp\/wp-json\/wp\/v2\/categories?post=6673"},{"taxonomy":"post_tag","embeddable":true,"href":"https:\/\/gobierno.udd.cl\/cpp\/wp-json\/wp\/v2\/tags?post=6673"}],"curies":[{"name":"wp","href":"https:\/\/api.w.org\/{rel}","templated":true}]}}