{"id":6664,"date":"2022-09-12T12:59:00","date_gmt":"2022-09-12T15:59:00","guid":{"rendered":"http:\/\/gobierno.udd.cl\/cpp\/?p=6664"},"modified":"2022-09-29T13:00:14","modified_gmt":"2022-09-29T16:00:14","slug":"muller-lo-de-ripamonti-refleja-lo-que-parte-de-la-coalicion-siente-que-dejo-de-gobernar","status":"publish","type":"post","link":"https:\/\/gobierno.udd.cl\/cpp\/noticias\/2022\/09\/12\/muller-lo-de-ripamonti-refleja-lo-que-parte-de-la-coalicion-siente-que-dejo-de-gobernar\/","title":{"rendered":"M\u00fcller: \u00abLo de Ripamonti refleja lo que parte de la coalici\u00f3n siente, que dej\u00f3 de gobernar\u00bb"},"content":{"rendered":"<div style=\"width: 640px;\" class=\"wp-video\"><video class=\"wp-video-shortcode\" id=\"video-6664-1\" width=\"640\" height=\"360\" preload=\"metadata\" controls=\"controls\"><source type=\"video\/mp4\" src=\"http:\/\/\/\/videosetv.ecn.cl\/EMOLTV_V2_20220912115235397_480p.mp4?_=1\" \/><a href=\"http:\/\/\/\/videosetv.ecn.cl\/EMOLTV_V2_20220912115235397_480p.mp4\">http:\/\/\/\/videosetv.ecn.cl\/EMOLTV_V2_20220912115235397_480p.mp4<\/a><\/video><\/div>\n","protected":false},"excerpt":{"rendered":"<p>Medio: Emol TV<br \/>\nEntrevista a Gonzalo M\u00fcller, director del Centro de Pol\u00edticas P\u00fablicas UDD. <\/p>\n","protected":false},"author":22,"featured_media":5979,"comment_status":"open","ping_status":"open","sticky":false,"template":"","format":"standard","meta":{"footnotes":""},"categories":[10162],"tags":[],"class_list":["post-6664","post","type-post","status-publish","format-standard","has-post-thumbnail","hentry","category-centro-en-la-prensa"],"featured_image_url":"https:\/\/gobierno.udd.cl\/cpp\/files\/2020\/12\/logos-medios-3.png","_links":{"self":[{"href":"https:\/\/gobierno.udd.cl\/cpp\/wp-json\/wp\/v2\/posts\/6664","targetHints":{"allow":["GET"]}}],"collection":[{"href":"https:\/\/gobierno.udd.cl\/cpp\/wp-json\/wp\/v2\/posts"}],"about":[{"href":"https:\/\/gobierno.udd.cl\/cpp\/wp-json\/wp\/v2\/types\/post"}],"author":[{"embeddable":true,"href":"https:\/\/gobierno.udd.cl\/cpp\/wp-json\/wp\/v2\/users\/22"}],"replies":[{"embeddable":true,"href":"https:\/\/gobierno.udd.cl\/cpp\/wp-json\/wp\/v2\/comments?post=6664"}],"version-history":[{"count":1,"href":"https:\/\/gobierno.udd.cl\/cpp\/wp-json\/wp\/v2\/posts\/6664\/revisions"}],"predecessor-version":[{"id":6665,"href":"https:\/\/gobierno.udd.cl\/cpp\/wp-json\/wp\/v2\/posts\/6664\/revisions\/6665"}],"wp:featuredmedia":[{"embeddable":true,"href":"https:\/\/gobierno.udd.cl\/cpp\/wp-json\/wp\/v2\/media\/5979"}],"wp:attachment":[{"href":"https:\/\/gobierno.udd.cl\/cpp\/wp-json\/wp\/v2\/media?parent=6664"}],"wp:term":[{"taxonomy":"category","embeddable":true,"href":"https:\/\/gobierno.udd.cl\/cpp\/wp-json\/wp\/v2\/categories?post=6664"},{"taxonomy":"post_tag","embeddable":true,"href":"https:\/\/gobierno.udd.cl\/cpp\/wp-json\/wp\/v2\/tags?post=6664"}],"curies":[{"name":"wp","href":"https:\/\/api.w.org\/{rel}","templated":true}]}}