{"id":666,"date":"2014-07-12T18:55:32","date_gmt":"2014-07-12T22:55:32","guid":{"rendered":"http:\/\/gobierno.udd.cl\/cpp\/?p=666"},"modified":"2015-01-25T18:56:30","modified_gmt":"2015-01-25T21:56:30","slug":"ley-de-cuotas-por-miguel-angel-fernandez","status":"publish","type":"post","link":"https:\/\/gobierno.udd.cl\/cpp\/noticias\/2014\/07\/12\/ley-de-cuotas-por-miguel-angel-fernandez\/","title":{"rendered":"\u00abLEY DE CUOTAS\u00bb POR MIGUEL \u00c1NGEL FERN\u00c1NDEZ"},"content":{"rendered":"<p style=\"text-align: justify;\">La Presidenta Michelle Bachelet firm\u00f3 el proyecto de ley que modifica el sistema electoral para las elecciones parlamentarias, incluyendo una consideraci\u00f3n interesante y a su vez pol\u00e9mica para el an\u00e1lisis: la tasa de 40% de obligatoriedad de los partidos pol\u00edticos para presentar candidatas mujeres en las elecciones, conocida como \u201cley de cuotas\u201d.<\/p>\n<p style=\"text-align: justify;\">Resulta paradojal pensar que con la disminuci\u00f3n del n\u00famero de distritos, esta medida posea un efecto real sobre el n\u00famero de mujeres que participan en los comicios cifra que de manera natural ha ido en aumento (35 candidatas que representaban un 8% de los candidatos en 1989 a 90 candidatas que representaban el 19% de los candidatos en 2013). Pa\u00edses que poseen este tipo de leyes, como Armenia, Burundi, Brasil, Irak, M\u00e9xico entre otros 65 pa\u00edses en el mundo, en general son aquellos con menores porcentajes de libertad pol\u00edtica y econ\u00f3mica en \u00edndices internacionales. As\u00ed cabe preguntarse: \u00bfson los mecanismos que restringen la libertad de los partidos pol\u00edticos y, por consecuencia, del sistema democr\u00e1tico, una herramienta efectiva para incentivar la participaci\u00f3n femenina? \u00bfIncentiva el nuevo dise\u00f1o electoral la participaci\u00f3n de mujeres en el proceso eleccionario? La falta de respuestas a estas interrogantes no es m\u00e1s que el reflejo de una reforma electoral que requiere de mayor discusi\u00f3n y criterio t\u00e9cnico, dejando de lado anhelos ideol\u00f3gicos que podr\u00edan mermar su implementaci\u00f3n y disminuir su eficiencia.<\/p>\n","protected":false},"excerpt":{"rendered":"<p>La Presidenta Michelle Bachelet firm\u00f3 el proyecto de ley que modifica el sistema electoral para las elecciones parlamentarias, incluyendo una consideraci\u00f3n interesante y a su vez pol\u00e9mica para el an\u00e1lisis: la tasa de 40% de obligatoriedad de los partidos pol\u00edticos para presentar candidatas mujeres en las elecciones, conocida como \u201cley de cuotas\u201d. Resulta paradojal pensar [&hellip;]<\/p>\n","protected":false},"author":22,"featured_media":507,"comment_status":"open","ping_status":"open","sticky":false,"template":"","format":"standard","meta":{"footnotes":""},"categories":[7405],"tags":[],"class_list":["post-666","post","type-post","status-publish","format-standard","has-post-thumbnail","hentry","category-columnas-de-opinion-elecciones-udd"],"featured_image_url":"https:\/\/gobierno.udd.cl\/cpp\/files\/2014\/09\/MFernandez_destcada.jpg","_links":{"self":[{"href":"https:\/\/gobierno.udd.cl\/cpp\/wp-json\/wp\/v2\/posts\/666","targetHints":{"allow":["GET"]}}],"collection":[{"href":"https:\/\/gobierno.udd.cl\/cpp\/wp-json\/wp\/v2\/posts"}],"about":[{"href":"https:\/\/gobierno.udd.cl\/cpp\/wp-json\/wp\/v2\/types\/post"}],"author":[{"embeddable":true,"href":"https:\/\/gobierno.udd.cl\/cpp\/wp-json\/wp\/v2\/users\/22"}],"replies":[{"embeddable":true,"href":"https:\/\/gobierno.udd.cl\/cpp\/wp-json\/wp\/v2\/comments?post=666"}],"version-history":[{"count":1,"href":"https:\/\/gobierno.udd.cl\/cpp\/wp-json\/wp\/v2\/posts\/666\/revisions"}],"predecessor-version":[{"id":667,"href":"https:\/\/gobierno.udd.cl\/cpp\/wp-json\/wp\/v2\/posts\/666\/revisions\/667"}],"wp:featuredmedia":[{"embeddable":true,"href":"https:\/\/gobierno.udd.cl\/cpp\/wp-json\/wp\/v2\/media\/507"}],"wp:attachment":[{"href":"https:\/\/gobierno.udd.cl\/cpp\/wp-json\/wp\/v2\/media?parent=666"}],"wp:term":[{"taxonomy":"category","embeddable":true,"href":"https:\/\/gobierno.udd.cl\/cpp\/wp-json\/wp\/v2\/categories?post=666"},{"taxonomy":"post_tag","embeddable":true,"href":"https:\/\/gobierno.udd.cl\/cpp\/wp-json\/wp\/v2\/tags?post=666"}],"curies":[{"name":"wp","href":"https:\/\/api.w.org\/{rel}","templated":true}]}}