{"id":6648,"date":"2022-09-05T09:42:00","date_gmt":"2022-09-05T13:42:00","guid":{"rendered":"http:\/\/gobierno.udd.cl\/cpp\/?p=6648"},"modified":"2022-09-22T09:47:29","modified_gmt":"2022-09-22T12:47:29","slug":"gonzalo-muller-con-este-resultado-se-le-pone-la-lapida-al-octubrismo-y-a-la-violencia-que-le-dio-origen","status":"publish","type":"post","link":"https:\/\/gobierno.udd.cl\/cpp\/noticias\/2022\/09\/05\/gonzalo-muller-con-este-resultado-se-le-pone-la-lapida-al-octubrismo-y-a-la-violencia-que-le-dio-origen\/","title":{"rendered":"Gonzalo M\u00fcller: \u201cCon este resultado se le pone la l\u00e1pida al octubrismo y a la violencia que le dio origen\u201d"},"content":{"rendered":"\n<p>El director del Centro de Pol\u00edticas P\u00fablicas de la UDD, Gonzalo M\u00fcller, cree que el triunfo del Rechazo marca el nacimiento de un nuevo mapa pol\u00edtico en Chile, con la participaci\u00f3n de m\u00e1s de 12 millones de ciudadanos. El sector que primero lo entienda tiene la mejor opci\u00f3n de liderar ese camino hacia una nueva [\u2026]<\/p>\n\n\n\n<h5 class=\"wp-block-heading\">Revisa la entrevista completa <a href=\"https:\/\/www.ex-ante.cl\/gonzalo-muller-con-este-resultado-se-le-pone-la-lapida-al-octubrismo-y-a-la-violencia-que-le-dio-origen\/\"><strong>AQU\u00cd<\/strong><\/a><\/h5>\n","protected":false},"excerpt":{"rendered":"<p>Medio: Ex-Ante<\/p>\n","protected":false},"author":22,"featured_media":6114,"comment_status":"open","ping_status":"open","sticky":false,"template":"","format":"standard","meta":{"footnotes":""},"categories":[10162],"tags":[],"class_list":["post-6648","post","type-post","status-publish","format-standard","has-post-thumbnail","hentry","category-centro-en-la-prensa"],"featured_image_url":"https:\/\/gobierno.udd.cl\/cpp\/files\/2021\/06\/logos-medios-2.png","_links":{"self":[{"href":"https:\/\/gobierno.udd.cl\/cpp\/wp-json\/wp\/v2\/posts\/6648","targetHints":{"allow":["GET"]}}],"collection":[{"href":"https:\/\/gobierno.udd.cl\/cpp\/wp-json\/wp\/v2\/posts"}],"about":[{"href":"https:\/\/gobierno.udd.cl\/cpp\/wp-json\/wp\/v2\/types\/post"}],"author":[{"embeddable":true,"href":"https:\/\/gobierno.udd.cl\/cpp\/wp-json\/wp\/v2\/users\/22"}],"replies":[{"embeddable":true,"href":"https:\/\/gobierno.udd.cl\/cpp\/wp-json\/wp\/v2\/comments?post=6648"}],"version-history":[{"count":1,"href":"https:\/\/gobierno.udd.cl\/cpp\/wp-json\/wp\/v2\/posts\/6648\/revisions"}],"predecessor-version":[{"id":6649,"href":"https:\/\/gobierno.udd.cl\/cpp\/wp-json\/wp\/v2\/posts\/6648\/revisions\/6649"}],"wp:featuredmedia":[{"embeddable":true,"href":"https:\/\/gobierno.udd.cl\/cpp\/wp-json\/wp\/v2\/media\/6114"}],"wp:attachment":[{"href":"https:\/\/gobierno.udd.cl\/cpp\/wp-json\/wp\/v2\/media?parent=6648"}],"wp:term":[{"taxonomy":"category","embeddable":true,"href":"https:\/\/gobierno.udd.cl\/cpp\/wp-json\/wp\/v2\/categories?post=6648"},{"taxonomy":"post_tag","embeddable":true,"href":"https:\/\/gobierno.udd.cl\/cpp\/wp-json\/wp\/v2\/tags?post=6648"}],"curies":[{"name":"wp","href":"https:\/\/api.w.org\/{rel}","templated":true}]}}