{"id":6644,"date":"2022-09-07T09:36:00","date_gmt":"2022-09-07T13:36:00","guid":{"rendered":"http:\/\/gobierno.udd.cl\/cpp\/?p=6644"},"modified":"2022-09-22T09:38:12","modified_gmt":"2022-09-22T12:38:12","slug":"bochorno-toma-hostil-de-la-concertacion-y-caso-cataldo-reacciones-al-cambio-de-gabinete","status":"publish","type":"post","link":"https:\/\/gobierno.udd.cl\/cpp\/noticias\/2022\/09\/07\/bochorno-toma-hostil-de-la-concertacion-y-caso-cataldo-reacciones-al-cambio-de-gabinete\/","title":{"rendered":"\u00abBochorno\u00bb, \u00abtoma hostil de la Concertaci\u00f3n\u00bb y \u00abcaso Cataldo\u00bb: Reacciones al cambio de gabinete"},"content":{"rendered":"\n<h5 class=\"wp-block-heading\">Revisa la versi\u00f3n original <a href=\"https:\/\/ellibero.cl\/actualidad\/bochorno-toma-hostil-de-la-concertacion-y-caso-cataldo-reacciones-al-cambio-de-gabinete\/\"><strong>AQU\u00cd<\/strong><\/a><\/h5>\n\n\n<p><iframe loading=\"lazy\" title=\"Especial: Cambio de Gabinete\" width=\"500\" height=\"281\" src=\"https:\/\/www.youtube.com\/embed\/nQwErtTiL3w?start=357&#038;feature=oembed\" frameborder=\"0\" allow=\"accelerometer; autoplay; clipboard-write; encrypted-media; gyroscope; picture-in-picture; web-share\" referrerpolicy=\"strict-origin-when-cross-origin\" allowfullscreen><\/iframe><\/p>","protected":false},"excerpt":{"rendered":"<p>Medio: El L\u00edbero<br \/>\nConsultado: Gonzalo M\u00fcller, director del Centro de Pol\u00edticas P\u00fablicas UDD. <\/p>\n","protected":false},"author":22,"featured_media":6646,"comment_status":"open","ping_status":"open","sticky":false,"template":"","format":"standard","meta":{"footnotes":""},"categories":[10162],"tags":[],"class_list":["post-6644","post","type-post","status-publish","format-standard","has-post-thumbnail","hentry","category-centro-en-la-prensa"],"featured_image_url":"https:\/\/gobierno.udd.cl\/cpp\/files\/2022\/09\/Logos-medios-1.png","_links":{"self":[{"href":"https:\/\/gobierno.udd.cl\/cpp\/wp-json\/wp\/v2\/posts\/6644","targetHints":{"allow":["GET"]}}],"collection":[{"href":"https:\/\/gobierno.udd.cl\/cpp\/wp-json\/wp\/v2\/posts"}],"about":[{"href":"https:\/\/gobierno.udd.cl\/cpp\/wp-json\/wp\/v2\/types\/post"}],"author":[{"embeddable":true,"href":"https:\/\/gobierno.udd.cl\/cpp\/wp-json\/wp\/v2\/users\/22"}],"replies":[{"embeddable":true,"href":"https:\/\/gobierno.udd.cl\/cpp\/wp-json\/wp\/v2\/comments?post=6644"}],"version-history":[{"count":1,"href":"https:\/\/gobierno.udd.cl\/cpp\/wp-json\/wp\/v2\/posts\/6644\/revisions"}],"predecessor-version":[{"id":6647,"href":"https:\/\/gobierno.udd.cl\/cpp\/wp-json\/wp\/v2\/posts\/6644\/revisions\/6647"}],"wp:featuredmedia":[{"embeddable":true,"href":"https:\/\/gobierno.udd.cl\/cpp\/wp-json\/wp\/v2\/media\/6646"}],"wp:attachment":[{"href":"https:\/\/gobierno.udd.cl\/cpp\/wp-json\/wp\/v2\/media?parent=6644"}],"wp:term":[{"taxonomy":"category","embeddable":true,"href":"https:\/\/gobierno.udd.cl\/cpp\/wp-json\/wp\/v2\/categories?post=6644"},{"taxonomy":"post_tag","embeddable":true,"href":"https:\/\/gobierno.udd.cl\/cpp\/wp-json\/wp\/v2\/tags?post=6644"}],"curies":[{"name":"wp","href":"https:\/\/api.w.org\/{rel}","templated":true}]}}