{"id":6613,"date":"2022-08-25T15:02:00","date_gmt":"2022-08-25T19:02:00","guid":{"rendered":"http:\/\/gobierno.udd.cl\/cpp\/?p=6613"},"modified":"2022-08-31T15:03:57","modified_gmt":"2022-08-31T19:03:57","slug":"gonzalo-muller-y-telefonazo-a-llaitul-esta-es-la-crisis-politica-mas-grande-del-gobierno","status":"publish","type":"post","link":"https:\/\/gobierno.udd.cl\/cpp\/noticias\/2022\/08\/25\/gonzalo-muller-y-telefonazo-a-llaitul-esta-es-la-crisis-politica-mas-grande-del-gobierno\/","title":{"rendered":"Gonzalo M\u00fcller y telefonazo a Llaitul: \u201cEsta es la crisis pol\u00edtica m\u00e1s grande del Gobierno"},"content":{"rendered":"\n<p>El director del Centro de Pol\u00edticas P\u00fablicas de la\u00a0UDD,\u00a0Gonzalo\u00a0M\u00fcller, dice que quedan muchas interrogantes tras la renuncia de la ministra de Desarrollo Social, Jeanette Vega, tras revelarse que se comunic\u00f3 con H\u00e9ctor Llaitul mediante una asesora del ministerio. \u201cLa pregunta que queda es qui\u00e9n del comit\u00e9 pol\u00edtico valid\u00f3 esta conversaci\u00f3n. \u00bfO nadie sab\u00eda?\u201d<\/p>\n\n\n\n<p><strong>-Esta es la primera baja del gabinete \u00bfEs suficiente?<\/strong><\/p>\n\n\n\n<p>-La salida&nbsp; de la ministra es un intento desesperado por ponerle fin a una de las mayores crisis pol\u00edticas que ha enfrentado este Gobierno.<\/p>\n\n\n\n<p><strong>-\u00bfSu renuncia no acaba con la crisis?<\/strong><\/p>\n\n\n\n<p>-No. Ahora, la pregunta que queda es qui\u00e9n del comit\u00e9 pol\u00edtico valid\u00f3 esta conversaci\u00f3n. \u00bfO nadie sab\u00eda? \u00bfQu\u00e9 otro ministro del comit\u00e9 pol\u00edtico vis\u00f3 esta acci\u00f3n; o tenemos una ministra que no le dijo a nadie?<\/p>\n\n\n\n<p><strong>-Tambi\u00e9n es una posibilidad, \u00bfo no?<\/strong><\/p>\n\n\n\n<p>-Es una posibilidad, pero ella va a tener que responder muchas interrogantes que quedan en el aire.<\/p>\n\n\n\n<p><strong>-\u00bfReaccion\u00f3 rapido el Gobierno?<\/strong><\/p>\n\n\n\n<p>-No, hizo lo que ten\u00eda que hacer. Si esto era un desastre, se iba al suelo si no lo hac\u00eda.<\/p>\n\n\n\n<p><strong>-Dec\u00edas que pod\u00eda haber una divisi\u00f3n en el gobierno con la detenci\u00f3n de Llaitul \u00bfQu\u00e9 consecuencias puede tener este esc\u00e1ndalo de la ministra Vega?<\/strong><\/p>\n\n\n\n<p>-Lo peor que le puede pasar a un gobierno es traer un problema complejo al coraz\u00f3n de La Moneda. Ella ten\u00eda oficina en palacio. En el fondo este era un problema que estaba pasando en la Araucan\u00eda, en donde estaba el poder judicial actuando, y el Gobierno era como un garante. Pero ahora aparece involucrado, a trav\u00e9s de una gesti\u00f3n de una ministra, una ministra que funcionaba en La Moneda. El caso Llaitul ha girado de algo neutro para el Gobierno a algo muy negativo, con mucha fuerza. No hab\u00eda otra opci\u00f3n que la ministra renunciara&#8230;<\/p>\n\n\n\n<p><strong>Revisa la entrevista completa <a href=\"https:\/\/www.ex-ante.cl\/gonzalo-muller-es-la-crisis-politica-mas-grande-del-gobierno-y-puede-impactar-incluso-en-el-resultado-del-plebiscito\/\">AQU\u00cd<\/a><\/strong><\/p>\n","protected":false},"excerpt":{"rendered":"<p>Medio: Ex-Ante<br \/>\nEntrevista a Gonzalo M\u00fcller, director del Centro de Pol\u00edticas P\u00fablicas UDD. <\/p>\n","protected":false},"author":22,"featured_media":6114,"comment_status":"open","ping_status":"open","sticky":false,"template":"","format":"standard","meta":{"footnotes":""},"categories":[10162],"tags":[],"class_list":["post-6613","post","type-post","status-publish","format-standard","has-post-thumbnail","hentry","category-centro-en-la-prensa"],"featured_image_url":"https:\/\/gobierno.udd.cl\/cpp\/files\/2021\/06\/logos-medios-2.png","_links":{"self":[{"href":"https:\/\/gobierno.udd.cl\/cpp\/wp-json\/wp\/v2\/posts\/6613","targetHints":{"allow":["GET"]}}],"collection":[{"href":"https:\/\/gobierno.udd.cl\/cpp\/wp-json\/wp\/v2\/posts"}],"about":[{"href":"https:\/\/gobierno.udd.cl\/cpp\/wp-json\/wp\/v2\/types\/post"}],"author":[{"embeddable":true,"href":"https:\/\/gobierno.udd.cl\/cpp\/wp-json\/wp\/v2\/users\/22"}],"replies":[{"embeddable":true,"href":"https:\/\/gobierno.udd.cl\/cpp\/wp-json\/wp\/v2\/comments?post=6613"}],"version-history":[{"count":1,"href":"https:\/\/gobierno.udd.cl\/cpp\/wp-json\/wp\/v2\/posts\/6613\/revisions"}],"predecessor-version":[{"id":6614,"href":"https:\/\/gobierno.udd.cl\/cpp\/wp-json\/wp\/v2\/posts\/6613\/revisions\/6614"}],"wp:featuredmedia":[{"embeddable":true,"href":"https:\/\/gobierno.udd.cl\/cpp\/wp-json\/wp\/v2\/media\/6114"}],"wp:attachment":[{"href":"https:\/\/gobierno.udd.cl\/cpp\/wp-json\/wp\/v2\/media?parent=6613"}],"wp:term":[{"taxonomy":"category","embeddable":true,"href":"https:\/\/gobierno.udd.cl\/cpp\/wp-json\/wp\/v2\/categories?post=6613"},{"taxonomy":"post_tag","embeddable":true,"href":"https:\/\/gobierno.udd.cl\/cpp\/wp-json\/wp\/v2\/tags?post=6613"}],"curies":[{"name":"wp","href":"https:\/\/api.w.org\/{rel}","templated":true}]}}