{"id":660,"date":"2014-07-12T18:52:06","date_gmt":"2014-07-12T22:52:06","guid":{"rendered":"http:\/\/gobierno.udd.cl\/cpp\/?p=660"},"modified":"2015-01-25T18:54:17","modified_gmt":"2015-01-25T21:54:17","slug":"cuotas-en-el-sistema-electoral-por-miguel-angel-fernandez","status":"publish","type":"post","link":"https:\/\/gobierno.udd.cl\/cpp\/noticias\/2014\/07\/12\/cuotas-en-el-sistema-electoral-por-miguel-angel-fernandez\/","title":{"rendered":"\u00abCUOTAS EN EL SISTEMA ELECTORAL\u00bb POR MIGUEL ANGEL FERN\u00c1NDEZ"},"content":{"rendered":"<p style=\"text-align: justify;\">La Presidenta Michelle Bachelet \u00f1rm\u00f3 el proyecto de ley que modifica el sistema electoral para las elecciones parlamentarias, incluyendo una consideraci\u00f3n interesante y pol\u00e9mica: los partidos pol\u00edticos deber\u00e1n presentar una tasa obligatoria de 40% de candidatas mujeres.<\/p>\n<p style=\"text-align: justify;\">Es parad\u00f3jico que con la disminuci\u00f3n del n\u00famero de distritos esta medida posea un efecto real sobre el n\u00famero de mujeres que participan en los comicios, cifra que de manera natural ha ido en aumento (35 candidatas que representaban un 8% de los candidatos en 1989, a 90 candidatas que representaban el 19% en 2013).<\/p>\n<p style=\"text-align: justify;\">Pa\u00edses que poseen este tipo de leyes, como Armenia, Burundi, Brasil, Irak, M\u00e9xico entre otros 65 en el mundo en general son los que tienen menores porcentajes de libertad pol\u00edtica y econ\u00f3mica en \u00edndices internacionales.<\/p>\n<p style=\"text-align: justify;\">Cabe preguntarse si son los mecanismos que restringen la libertad de los partidos pol\u00edticos -y en consecuencia del sistema democr\u00e1ticouna herramienta efectiva para incentivar la participaci\u00f3n femenina. La falta de respuestas a esta interrogante no es m\u00e1s que el reflejo de una reforma electoral que requiere mayor discusi\u00f3n y criterio t\u00e9cnico, dejando de lado anhelos ideol\u00f3gicos que podr\u00edan mermar su implementaci\u00f3n y disminuir su eficiencia.<\/p>\n","protected":false},"excerpt":{"rendered":"<p>La Presidenta Michelle Bachelet \u00f1rm\u00f3 el proyecto de ley que modifica el sistema electoral para las elecciones parlamentarias, incluyendo una consideraci\u00f3n interesante y pol\u00e9mica: los partidos pol\u00edticos deber\u00e1n presentar una tasa obligatoria de 40% de candidatas mujeres. Es parad\u00f3jico que con la disminuci\u00f3n del n\u00famero de distritos esta medida posea un efecto real sobre el [&hellip;]<\/p>\n","protected":false},"author":22,"featured_media":507,"comment_status":"open","ping_status":"open","sticky":false,"template":"","format":"standard","meta":{"footnotes":""},"categories":[7405],"tags":[],"class_list":["post-660","post","type-post","status-publish","format-standard","has-post-thumbnail","hentry","category-columnas-de-opinion-elecciones-udd"],"featured_image_url":"https:\/\/gobierno.udd.cl\/cpp\/files\/2014\/09\/MFernandez_destcada.jpg","_links":{"self":[{"href":"https:\/\/gobierno.udd.cl\/cpp\/wp-json\/wp\/v2\/posts\/660","targetHints":{"allow":["GET"]}}],"collection":[{"href":"https:\/\/gobierno.udd.cl\/cpp\/wp-json\/wp\/v2\/posts"}],"about":[{"href":"https:\/\/gobierno.udd.cl\/cpp\/wp-json\/wp\/v2\/types\/post"}],"author":[{"embeddable":true,"href":"https:\/\/gobierno.udd.cl\/cpp\/wp-json\/wp\/v2\/users\/22"}],"replies":[{"embeddable":true,"href":"https:\/\/gobierno.udd.cl\/cpp\/wp-json\/wp\/v2\/comments?post=660"}],"version-history":[{"count":3,"href":"https:\/\/gobierno.udd.cl\/cpp\/wp-json\/wp\/v2\/posts\/660\/revisions"}],"predecessor-version":[{"id":664,"href":"https:\/\/gobierno.udd.cl\/cpp\/wp-json\/wp\/v2\/posts\/660\/revisions\/664"}],"wp:featuredmedia":[{"embeddable":true,"href":"https:\/\/gobierno.udd.cl\/cpp\/wp-json\/wp\/v2\/media\/507"}],"wp:attachment":[{"href":"https:\/\/gobierno.udd.cl\/cpp\/wp-json\/wp\/v2\/media?parent=660"}],"wp:term":[{"taxonomy":"category","embeddable":true,"href":"https:\/\/gobierno.udd.cl\/cpp\/wp-json\/wp\/v2\/categories?post=660"},{"taxonomy":"post_tag","embeddable":true,"href":"https:\/\/gobierno.udd.cl\/cpp\/wp-json\/wp\/v2\/tags?post=660"}],"curies":[{"name":"wp","href":"https:\/\/api.w.org\/{rel}","templated":true}]}}