{"id":6592,"date":"2022-08-28T14:40:00","date_gmt":"2022-08-28T18:40:00","guid":{"rendered":"http:\/\/gobierno.udd.cl\/cpp\/?p=6592"},"modified":"2022-08-31T14:41:22","modified_gmt":"2022-08-31T18:41:22","slug":"ultimos-dias-de-campana-la-madre-de-las-batallas-en-la-rm-y-la-busqueda-por-la-transversalidad","status":"publish","type":"post","link":"https:\/\/gobierno.udd.cl\/cpp\/noticias\/2022\/08\/28\/ultimos-dias-de-campana-la-madre-de-las-batallas-en-la-rm-y-la-busqueda-por-la-transversalidad\/","title":{"rendered":"\u00daltimos d\u00edas de campa\u00f1a: la \u201cmadre de las batallas\u201d en la RM y la b\u00fasqueda por la transversalidad"},"content":{"rendered":"<p><a href=\"http:\/\/gobierno.udd.cl\/cpp\/noticias\/2022\/08\/28\/ultimos-dias-de-campana-la-madre-de-las-batallas-en-la-rm-y-la-busqueda-por-la-transversalidad\/2022-08-28_kv45ot4h\/\" rel=\"attachment wp-att-6593\"><img loading=\"lazy\" decoding=\"async\" class=\"aligncenter size-full wp-image-6593\" src=\"https:\/\/gobierno.udd.cl\/cpp\/files\/2022\/08\/2022-08-28_KV45OT4H-scaled.jpg\" alt=\"\" width=\"1362\" height=\"2560\" srcset=\"https:\/\/gobierno.udd.cl\/cpp\/files\/2022\/08\/2022-08-28_KV45OT4H-scaled.jpg 1362w, https:\/\/gobierno.udd.cl\/cpp\/files\/2022\/08\/2022-08-28_KV45OT4H-160x300.jpg 160w, https:\/\/gobierno.udd.cl\/cpp\/files\/2022\/08\/2022-08-28_KV45OT4H-545x1024.jpg 545w, https:\/\/gobierno.udd.cl\/cpp\/files\/2022\/08\/2022-08-28_KV45OT4H-768x1443.jpg 768w, https:\/\/gobierno.udd.cl\/cpp\/files\/2022\/08\/2022-08-28_KV45OT4H-817x1536.jpg 817w, https:\/\/gobierno.udd.cl\/cpp\/files\/2022\/08\/2022-08-28_KV45OT4H-1090x2048.jpg 1090w\" sizes=\"auto, (max-width: 1362px) 100vw, 1362px\" \/><\/a><\/p>\n","protected":false},"excerpt":{"rendered":"<p>Medio: El Mercurio<br \/>\nHabla: Gonzalo M\u00fcller, director del Centro de Pol\u00edticas P\u00fablicas UDD.<\/p>\n","protected":false},"author":22,"featured_media":6011,"comment_status":"open","ping_status":"open","sticky":false,"template":"","format":"standard","meta":{"footnotes":""},"categories":[10162],"tags":[],"class_list":["post-6592","post","type-post","status-publish","format-standard","has-post-thumbnail","hentry","category-centro-en-la-prensa"],"featured_image_url":"https:\/\/gobierno.udd.cl\/cpp\/files\/2021\/03\/logos-medios-1.png","_links":{"self":[{"href":"https:\/\/gobierno.udd.cl\/cpp\/wp-json\/wp\/v2\/posts\/6592","targetHints":{"allow":["GET"]}}],"collection":[{"href":"https:\/\/gobierno.udd.cl\/cpp\/wp-json\/wp\/v2\/posts"}],"about":[{"href":"https:\/\/gobierno.udd.cl\/cpp\/wp-json\/wp\/v2\/types\/post"}],"author":[{"embeddable":true,"href":"https:\/\/gobierno.udd.cl\/cpp\/wp-json\/wp\/v2\/users\/22"}],"replies":[{"embeddable":true,"href":"https:\/\/gobierno.udd.cl\/cpp\/wp-json\/wp\/v2\/comments?post=6592"}],"version-history":[{"count":6,"href":"https:\/\/gobierno.udd.cl\/cpp\/wp-json\/wp\/v2\/posts\/6592\/revisions"}],"predecessor-version":[{"id":6599,"href":"https:\/\/gobierno.udd.cl\/cpp\/wp-json\/wp\/v2\/posts\/6592\/revisions\/6599"}],"wp:featuredmedia":[{"embeddable":true,"href":"https:\/\/gobierno.udd.cl\/cpp\/wp-json\/wp\/v2\/media\/6011"}],"wp:attachment":[{"href":"https:\/\/gobierno.udd.cl\/cpp\/wp-json\/wp\/v2\/media?parent=6592"}],"wp:term":[{"taxonomy":"category","embeddable":true,"href":"https:\/\/gobierno.udd.cl\/cpp\/wp-json\/wp\/v2\/categories?post=6592"},{"taxonomy":"post_tag","embeddable":true,"href":"https:\/\/gobierno.udd.cl\/cpp\/wp-json\/wp\/v2\/tags?post=6592"}],"curies":[{"name":"wp","href":"https:\/\/api.w.org\/{rel}","templated":true}]}}