{"id":6560,"date":"2022-07-24T11:30:00","date_gmt":"2022-07-24T15:30:00","guid":{"rendered":"http:\/\/gobierno.udd.cl\/cpp\/?p=6560"},"modified":"2022-07-26T11:31:00","modified_gmt":"2022-07-26T15:31:00","slug":"estrategia-del-gobierno-frente-al-plebiscito","status":"publish","type":"post","link":"https:\/\/gobierno.udd.cl\/cpp\/noticias\/2022\/07\/24\/estrategia-del-gobierno-frente-al-plebiscito\/","title":{"rendered":"Estrategia del Gobierno frente al plebiscito"},"content":{"rendered":"\n<p> El Gobierno ha reiterado su llamado a que la poblaci\u00f3n se informe de cara al plebiscito de salida y que cualquiera de las dos opciones son v\u00e1lidas. Sin embargo, ya se est\u00e1n preparando frente a los escenarios que puedan resultar de dichas elecciones del pr\u00f3ximo 4 de septiembre. <\/p>\n\n\n<div style=\"width: 640px;\" class=\"wp-video\"><video class=\"wp-video-shortcode\" id=\"video-6560-1\" width=\"640\" height=\"360\" preload=\"metadata\" controls=\"controls\"><source type=\"video\/mp4\" src=\"https:\/\/conectamedia.s3.amazonaws.com\/62dd617ea00f86190e84cbfc.mp4?_=1\" \/><a href=\"https:\/\/conectamedia.s3.amazonaws.com\/62dd617ea00f86190e84cbfc.mp4\">https:\/\/conectamedia.s3.amazonaws.com\/62dd617ea00f86190e84cbfc.mp4<\/a><\/video><\/div>","protected":false},"excerpt":{"rendered":"<p>Medio: CNN <\/p>\n<p>Entrevista a Gonzalo M\u00fcller, director del Centro de Pol\u00edticas P\u00fablicas UDD. <\/p>\n","protected":false},"author":22,"featured_media":5951,"comment_status":"open","ping_status":"open","sticky":false,"template":"","format":"standard","meta":{"footnotes":""},"categories":[10162],"tags":[],"class_list":["post-6560","post","type-post","status-publish","format-standard","has-post-thumbnail","hentry","category-centro-en-la-prensa"],"featured_image_url":"https:\/\/gobierno.udd.cl\/cpp\/files\/2020\/10\/Dise\u00f1o-sin-t\u00edtulo-17.png","_links":{"self":[{"href":"https:\/\/gobierno.udd.cl\/cpp\/wp-json\/wp\/v2\/posts\/6560","targetHints":{"allow":["GET"]}}],"collection":[{"href":"https:\/\/gobierno.udd.cl\/cpp\/wp-json\/wp\/v2\/posts"}],"about":[{"href":"https:\/\/gobierno.udd.cl\/cpp\/wp-json\/wp\/v2\/types\/post"}],"author":[{"embeddable":true,"href":"https:\/\/gobierno.udd.cl\/cpp\/wp-json\/wp\/v2\/users\/22"}],"replies":[{"embeddable":true,"href":"https:\/\/gobierno.udd.cl\/cpp\/wp-json\/wp\/v2\/comments?post=6560"}],"version-history":[{"count":1,"href":"https:\/\/gobierno.udd.cl\/cpp\/wp-json\/wp\/v2\/posts\/6560\/revisions"}],"predecessor-version":[{"id":6561,"href":"https:\/\/gobierno.udd.cl\/cpp\/wp-json\/wp\/v2\/posts\/6560\/revisions\/6561"}],"wp:featuredmedia":[{"embeddable":true,"href":"https:\/\/gobierno.udd.cl\/cpp\/wp-json\/wp\/v2\/media\/5951"}],"wp:attachment":[{"href":"https:\/\/gobierno.udd.cl\/cpp\/wp-json\/wp\/v2\/media?parent=6560"}],"wp:term":[{"taxonomy":"category","embeddable":true,"href":"https:\/\/gobierno.udd.cl\/cpp\/wp-json\/wp\/v2\/categories?post=6560"},{"taxonomy":"post_tag","embeddable":true,"href":"https:\/\/gobierno.udd.cl\/cpp\/wp-json\/wp\/v2\/tags?post=6560"}],"curies":[{"name":"wp","href":"https:\/\/api.w.org\/{rel}","templated":true}]}}