{"id":6553,"date":"2022-07-13T11:15:00","date_gmt":"2022-07-13T15:15:00","guid":{"rendered":"http:\/\/gobierno.udd.cl\/cpp\/?p=6553"},"modified":"2022-07-19T11:16:06","modified_gmt":"2022-07-19T15:16:06","slug":"programa-directo-al-grano-53","status":"publish","type":"post","link":"https:\/\/gobierno.udd.cl\/cpp\/noticias\/2022\/07\/13\/programa-directo-al-grano-53\/","title":{"rendered":"Programa \u00abDirecto al grano\u00bb"},"content":{"rendered":"\n<h3 class=\"wp-block-heading\">Discusi\u00f3n por rebaja del quorum a 4\/7<\/h3>\n\n\n<audio class=\"wp-audio-shortcode\" id=\"audio-6553-1\" preload=\"none\" style=\"width: 100%;\" controls=\"controls\"><source type=\"audio\/mpeg\" src=\"https:\/\/conectamedia.s3.amazonaws.com\/62cf09baea3ebdd387762a1a.mp3?_=1\" \/><a href=\"https:\/\/conectamedia.s3.amazonaws.com\/62cf09baea3ebdd387762a1a.mp3\">https:\/\/conectamedia.s3.amazonaws.com\/62cf09baea3ebdd387762a1a.mp3<\/a><\/audio>\n\n\n<h3 class=\"wp-block-heading\">Las campa\u00f1as por el Apruebo<\/h3>\n\n\n<audio class=\"wp-audio-shortcode\" id=\"audio-6553-2\" preload=\"none\" style=\"width: 100%;\" controls=\"controls\"><source type=\"audio\/mpeg\" src=\"https:\/\/conectamedia.s3.amazonaws.com\/62cf0b3231f29ed527892db0.mp3?_=2\" \/><a href=\"https:\/\/conectamedia.s3.amazonaws.com\/62cf0b3231f29ed527892db0.mp3\">https:\/\/conectamedia.s3.amazonaws.com\/62cf0b3231f29ed527892db0.mp3<\/a><\/audio>\n\n\n<h3 class=\"wp-block-heading\">Posibles resultados del plebiscito<\/h3>\n\n\n<audio class=\"wp-audio-shortcode\" id=\"audio-6553-3\" preload=\"none\" style=\"width: 100%;\" controls=\"controls\"><source type=\"audio\/mpeg\" src=\"https:\/\/conectamedia.s3.amazonaws.com\/62cf0eacd7966ef9f37bcf29.mp3?_=3\" \/><a href=\"https:\/\/conectamedia.s3.amazonaws.com\/62cf0eacd7966ef9f37bcf29.mp3\">https:\/\/conectamedia.s3.amazonaws.com\/62cf0eacd7966ef9f37bcf29.mp3<\/a><\/audio>","protected":false},"excerpt":{"rendered":"<p>Medio: Radio Agricultura<\/p>\n<p>Conduce: Gonzalo M\u00fcller, director del Centro de Pol\u00edticas P\u00fablicas UDD. <\/p>\n<p>Panelista: Rodrigo Arellano, vicedecano de la Facultad de Gobierno UDD. <\/p>\n","protected":false},"author":22,"featured_media":5939,"comment_status":"open","ping_status":"open","sticky":false,"template":"","format":"standard","meta":{"footnotes":""},"categories":[10162],"tags":[],"class_list":["post-6553","post","type-post","status-publish","format-standard","has-post-thumbnail","hentry","category-centro-en-la-prensa"],"featured_image_url":"https:\/\/gobierno.udd.cl\/cpp\/files\/2020\/11\/Dise\u00f1o-sin-t\u00edtulo-12.png","_links":{"self":[{"href":"https:\/\/gobierno.udd.cl\/cpp\/wp-json\/wp\/v2\/posts\/6553","targetHints":{"allow":["GET"]}}],"collection":[{"href":"https:\/\/gobierno.udd.cl\/cpp\/wp-json\/wp\/v2\/posts"}],"about":[{"href":"https:\/\/gobierno.udd.cl\/cpp\/wp-json\/wp\/v2\/types\/post"}],"author":[{"embeddable":true,"href":"https:\/\/gobierno.udd.cl\/cpp\/wp-json\/wp\/v2\/users\/22"}],"replies":[{"embeddable":true,"href":"https:\/\/gobierno.udd.cl\/cpp\/wp-json\/wp\/v2\/comments?post=6553"}],"version-history":[{"count":1,"href":"https:\/\/gobierno.udd.cl\/cpp\/wp-json\/wp\/v2\/posts\/6553\/revisions"}],"predecessor-version":[{"id":6554,"href":"https:\/\/gobierno.udd.cl\/cpp\/wp-json\/wp\/v2\/posts\/6553\/revisions\/6554"}],"wp:featuredmedia":[{"embeddable":true,"href":"https:\/\/gobierno.udd.cl\/cpp\/wp-json\/wp\/v2\/media\/5939"}],"wp:attachment":[{"href":"https:\/\/gobierno.udd.cl\/cpp\/wp-json\/wp\/v2\/media?parent=6553"}],"wp:term":[{"taxonomy":"category","embeddable":true,"href":"https:\/\/gobierno.udd.cl\/cpp\/wp-json\/wp\/v2\/categories?post=6553"},{"taxonomy":"post_tag","embeddable":true,"href":"https:\/\/gobierno.udd.cl\/cpp\/wp-json\/wp\/v2\/tags?post=6553"}],"curies":[{"name":"wp","href":"https:\/\/api.w.org\/{rel}","templated":true}]}}