{"id":6539,"date":"2022-07-06T11:24:00","date_gmt":"2022-07-06T15:24:00","guid":{"rendered":"http:\/\/gobierno.udd.cl\/cpp\/?p=6539"},"modified":"2022-07-12T11:26:02","modified_gmt":"2022-07-12T15:26:02","slug":"programa-directo-al-grano-52","status":"publish","type":"post","link":"https:\/\/gobierno.udd.cl\/cpp\/noticias\/2022\/07\/06\/programa-directo-al-grano-52\/","title":{"rendered":"Programa \u00abDirecto al grano\u00bb"},"content":{"rendered":"\n<h3 class=\"wp-block-heading\">Figuras de la centro izquierda se suman al rechazo<\/h3>\n\n\n<audio class=\"wp-audio-shortcode\" id=\"audio-6539-1\" preload=\"none\" style=\"width: 100%;\" controls=\"controls\"><source type=\"audio\/mpeg\" src=\"https:\/\/conectamedia.s3.amazonaws.com\/62c5ab6c380618b1d32806b5.mp3?_=1\" \/><a href=\"https:\/\/conectamedia.s3.amazonaws.com\/62c5ab6c380618b1d32806b5.mp3\">https:\/\/conectamedia.s3.amazonaws.com\/62c5ab6c380618b1d32806b5.mp3<\/a><\/audio>\n\n\n<h3 class=\"wp-block-heading\">Tensi\u00f3n por el plebiscito del 4 de septiembre<strong><br> <\/strong><\/h3>\n\n\n<audio class=\"wp-audio-shortcode\" id=\"audio-6539-2\" preload=\"none\" style=\"width: 100%;\" controls=\"controls\"><source type=\"audio\/mpeg\" src=\"https:\/\/conectamedia.s3.amazonaws.com\/62c5aeb444cd1e94ae8c7591.mp3?_=2\" \/><a href=\"https:\/\/conectamedia.s3.amazonaws.com\/62c5aeb444cd1e94ae8c7591.mp3\">https:\/\/conectamedia.s3.amazonaws.com\/62c5aeb444cd1e94ae8c7591.mp3<\/a><\/audio>\n\n\n<h3 class=\"wp-block-heading\">Nuevas figuras se suman al rechazo<\/h3>\n\n\n<audio class=\"wp-audio-shortcode\" id=\"audio-6539-3\" preload=\"none\" style=\"width: 100%;\" controls=\"controls\"><source type=\"audio\/mpeg\" src=\"https:\/\/conectamedia.s3.amazonaws.com\/62c5b01dda4dbeea771b5380.mp3?_=3\" \/><a href=\"https:\/\/conectamedia.s3.amazonaws.com\/62c5b01dda4dbeea771b5380.mp3\">https:\/\/conectamedia.s3.amazonaws.com\/62c5b01dda4dbeea771b5380.mp3<\/a><\/audio>","protected":false},"excerpt":{"rendered":"<p>Medio: Radio Agricultura<br \/>\nConduce: Gonzalo M\u00fcller, director del Centro de Pol\u00edticas P\u00fablicas UDD.<br \/>\nPanelista: Rodrigo Arellano, vicedecano de la Facultad de Gobierno UDD. <\/p>\n","protected":false},"author":22,"featured_media":5939,"comment_status":"open","ping_status":"open","sticky":false,"template":"","format":"standard","meta":{"footnotes":""},"categories":[10162],"tags":[],"class_list":["post-6539","post","type-post","status-publish","format-standard","has-post-thumbnail","hentry","category-centro-en-la-prensa"],"featured_image_url":"https:\/\/gobierno.udd.cl\/cpp\/files\/2020\/11\/Dise\u00f1o-sin-t\u00edtulo-12.png","_links":{"self":[{"href":"https:\/\/gobierno.udd.cl\/cpp\/wp-json\/wp\/v2\/posts\/6539","targetHints":{"allow":["GET"]}}],"collection":[{"href":"https:\/\/gobierno.udd.cl\/cpp\/wp-json\/wp\/v2\/posts"}],"about":[{"href":"https:\/\/gobierno.udd.cl\/cpp\/wp-json\/wp\/v2\/types\/post"}],"author":[{"embeddable":true,"href":"https:\/\/gobierno.udd.cl\/cpp\/wp-json\/wp\/v2\/users\/22"}],"replies":[{"embeddable":true,"href":"https:\/\/gobierno.udd.cl\/cpp\/wp-json\/wp\/v2\/comments?post=6539"}],"version-history":[{"count":1,"href":"https:\/\/gobierno.udd.cl\/cpp\/wp-json\/wp\/v2\/posts\/6539\/revisions"}],"predecessor-version":[{"id":6540,"href":"https:\/\/gobierno.udd.cl\/cpp\/wp-json\/wp\/v2\/posts\/6539\/revisions\/6540"}],"wp:featuredmedia":[{"embeddable":true,"href":"https:\/\/gobierno.udd.cl\/cpp\/wp-json\/wp\/v2\/media\/5939"}],"wp:attachment":[{"href":"https:\/\/gobierno.udd.cl\/cpp\/wp-json\/wp\/v2\/media?parent=6539"}],"wp:term":[{"taxonomy":"category","embeddable":true,"href":"https:\/\/gobierno.udd.cl\/cpp\/wp-json\/wp\/v2\/categories?post=6539"},{"taxonomy":"post_tag","embeddable":true,"href":"https:\/\/gobierno.udd.cl\/cpp\/wp-json\/wp\/v2\/tags?post=6539"}],"curies":[{"name":"wp","href":"https:\/\/api.w.org\/{rel}","templated":true}]}}