{"id":6528,"date":"2022-07-02T11:04:00","date_gmt":"2022-07-02T15:04:00","guid":{"rendered":"http:\/\/gobierno.udd.cl\/cpp\/?p=6528"},"modified":"2022-07-05T11:05:37","modified_gmt":"2022-07-05T15:05:37","slug":"chile-vamos-define-enlaces-para-la-campana-del-rechazo","status":"publish","type":"post","link":"https:\/\/gobierno.udd.cl\/cpp\/noticias\/2022\/07\/02\/chile-vamos-define-enlaces-para-la-campana-del-rechazo\/","title":{"rendered":"Chile Vamos define enlaces para la campa\u00f1a del Rechazo"},"content":{"rendered":"\n<p>La UDI, Ev\u00f3poli, RN y el Partido Republicano designaron a Gonzalo M\u00fcller, Jorge Selume, Bernardo Fontaine y Marco Gonz\u00e1lez, respectivamente, como los encargados de canalizar las demandas de la sociedad civil, con el objetivo de que se traduzca en contenido para la franja electoral de cara al plebiscito del pr\u00f3ximo 4 de septiembre. <\/p>\n\n\n<p><a href=\"http:\/\/gobierno.udd.cl\/cpp\/noticias\/2022\/07\/02\/chile-vamos-define-enlaces-para-la-campana-del-rechazo\/2022-07-02_21_v1_1725_2385_d7d7d7\/\" rel=\"attachment wp-att-6529\"><img loading=\"lazy\" decoding=\"async\" class=\"aligncenter size-full wp-image-6529\" src=\"https:\/\/gobierno.udd.cl\/cpp\/files\/2022\/07\/2022-07-02_21_v1_1725_2385_d7d7d7.jpg\" alt=\"\" width=\"1725\" height=\"2385\" srcset=\"https:\/\/gobierno.udd.cl\/cpp\/files\/2022\/07\/2022-07-02_21_v1_1725_2385_d7d7d7.jpg 1725w, https:\/\/gobierno.udd.cl\/cpp\/files\/2022\/07\/2022-07-02_21_v1_1725_2385_d7d7d7-217x300.jpg 217w, https:\/\/gobierno.udd.cl\/cpp\/files\/2022\/07\/2022-07-02_21_v1_1725_2385_d7d7d7-741x1024.jpg 741w, https:\/\/gobierno.udd.cl\/cpp\/files\/2022\/07\/2022-07-02_21_v1_1725_2385_d7d7d7-768x1062.jpg 768w, https:\/\/gobierno.udd.cl\/cpp\/files\/2022\/07\/2022-07-02_21_v1_1725_2385_d7d7d7-1111x1536.jpg 1111w, https:\/\/gobierno.udd.cl\/cpp\/files\/2022\/07\/2022-07-02_21_v1_1725_2385_d7d7d7-1481x2048.jpg 1481w\" sizes=\"auto, (max-width: 1725px) 100vw, 1725px\" \/><\/a><\/p>\n\n\n<p><strong><br>\n\n<\/strong><\/p>\n","protected":false},"excerpt":{"rendered":"<p>Medio: La Tercera<\/p>\n","protected":false},"author":22,"featured_media":5945,"comment_status":"open","ping_status":"open","sticky":false,"template":"","format":"standard","meta":{"footnotes":""},"categories":[10162],"tags":[],"class_list":["post-6528","post","type-post","status-publish","format-standard","has-post-thumbnail","hentry","category-centro-en-la-prensa"],"featured_image_url":"https:\/\/gobierno.udd.cl\/cpp\/files\/2020\/10\/Dise\u00f1o-sin-t\u00edtulo-7.png","_links":{"self":[{"href":"https:\/\/gobierno.udd.cl\/cpp\/wp-json\/wp\/v2\/posts\/6528","targetHints":{"allow":["GET"]}}],"collection":[{"href":"https:\/\/gobierno.udd.cl\/cpp\/wp-json\/wp\/v2\/posts"}],"about":[{"href":"https:\/\/gobierno.udd.cl\/cpp\/wp-json\/wp\/v2\/types\/post"}],"author":[{"embeddable":true,"href":"https:\/\/gobierno.udd.cl\/cpp\/wp-json\/wp\/v2\/users\/22"}],"replies":[{"embeddable":true,"href":"https:\/\/gobierno.udd.cl\/cpp\/wp-json\/wp\/v2\/comments?post=6528"}],"version-history":[{"count":6,"href":"https:\/\/gobierno.udd.cl\/cpp\/wp-json\/wp\/v2\/posts\/6528\/revisions"}],"predecessor-version":[{"id":6535,"href":"https:\/\/gobierno.udd.cl\/cpp\/wp-json\/wp\/v2\/posts\/6528\/revisions\/6535"}],"wp:featuredmedia":[{"embeddable":true,"href":"https:\/\/gobierno.udd.cl\/cpp\/wp-json\/wp\/v2\/media\/5945"}],"wp:attachment":[{"href":"https:\/\/gobierno.udd.cl\/cpp\/wp-json\/wp\/v2\/media?parent=6528"}],"wp:term":[{"taxonomy":"category","embeddable":true,"href":"https:\/\/gobierno.udd.cl\/cpp\/wp-json\/wp\/v2\/categories?post=6528"},{"taxonomy":"post_tag","embeddable":true,"href":"https:\/\/gobierno.udd.cl\/cpp\/wp-json\/wp\/v2\/tags?post=6528"}],"curies":[{"name":"wp","href":"https:\/\/api.w.org\/{rel}","templated":true}]}}