{"id":6513,"date":"2022-06-29T10:45:00","date_gmt":"2022-06-29T14:45:00","guid":{"rendered":"http:\/\/gobierno.udd.cl\/cpp\/?p=6513"},"modified":"2022-07-05T10:46:17","modified_gmt":"2022-07-05T14:46:17","slug":"programa-directo-al-grano-51","status":"publish","type":"post","link":"https:\/\/gobierno.udd.cl\/cpp\/noticias\/2022\/06\/29\/programa-directo-al-grano-51\/","title":{"rendered":"Programa \u00abDirecto al grano\u00bb"},"content":{"rendered":"\n<h3 class=\"wp-block-heading\">Trabajo de la Convenci\u00f3n Constituyente llega a su fin<\/h3>\n\n\n<audio class=\"wp-audio-shortcode\" id=\"audio-6513-1\" preload=\"none\" style=\"width: 100%;\" controls=\"controls\"><source type=\"audio\/mpeg\" src=\"https:\/\/conectamedia.s3.amazonaws.com\/62bc7e6d8f40951bc068b2e7.mp3?_=1\" \/><a href=\"https:\/\/conectamedia.s3.amazonaws.com\/62bc7e6d8f40951bc068b2e7.mp3\">https:\/\/conectamedia.s3.amazonaws.com\/62bc7e6d8f40951bc068b2e7.mp3<\/a><\/audio>\n\n\n<h3 class=\"wp-block-heading\">Convenci\u00f3n Constitucional termin\u00f3 su trabajo<\/h3>\n\n\n<audio class=\"wp-audio-shortcode\" id=\"audio-6513-2\" preload=\"none\" style=\"width: 100%;\" controls=\"controls\"><source type=\"audio\/mpeg\" src=\"https:\/\/conectamedia.s3.amazonaws.com\/62bc808e085dabd4981d95e7.mp3?_=2\" \/><a href=\"https:\/\/conectamedia.s3.amazonaws.com\/62bc808e085dabd4981d95e7.mp3\">https:\/\/conectamedia.s3.amazonaws.com\/62bc808e085dabd4981d95e7.mp3<\/a><\/audio>\n\n\n<h3 class=\"wp-block-heading\">Los \u00faltimos momentos de la Convenci\u00f3n Constitucional<\/h3>\n\n\n<audio class=\"wp-audio-shortcode\" id=\"audio-6513-3\" preload=\"none\" style=\"width: 100%;\" controls=\"controls\"><source type=\"audio\/mpeg\" src=\"https:\/\/conectamedia.s3.amazonaws.com\/62bc819d7f835e733d73310b.mp3?_=3\" \/><a href=\"https:\/\/conectamedia.s3.amazonaws.com\/62bc819d7f835e733d73310b.mp3\">https:\/\/conectamedia.s3.amazonaws.com\/62bc819d7f835e733d73310b.mp3<\/a><\/audio>","protected":false},"excerpt":{"rendered":"<p>Medio: Radio Agricultura<br \/>\nConduce: Gonzalo M\u00fcller, director del Centro de Pol\u00edticas P\u00fablicas UDD.<br \/>\nPanelista: Rodrigo Arellano, vicedecano de la Facultad de Gobierno UDD. <\/p>\n","protected":false},"author":22,"featured_media":5939,"comment_status":"open","ping_status":"open","sticky":false,"template":"","format":"standard","meta":{"footnotes":""},"categories":[10162],"tags":[],"class_list":["post-6513","post","type-post","status-publish","format-standard","has-post-thumbnail","hentry","category-centro-en-la-prensa"],"featured_image_url":"https:\/\/gobierno.udd.cl\/cpp\/files\/2020\/11\/Dise\u00f1o-sin-t\u00edtulo-12.png","_links":{"self":[{"href":"https:\/\/gobierno.udd.cl\/cpp\/wp-json\/wp\/v2\/posts\/6513","targetHints":{"allow":["GET"]}}],"collection":[{"href":"https:\/\/gobierno.udd.cl\/cpp\/wp-json\/wp\/v2\/posts"}],"about":[{"href":"https:\/\/gobierno.udd.cl\/cpp\/wp-json\/wp\/v2\/types\/post"}],"author":[{"embeddable":true,"href":"https:\/\/gobierno.udd.cl\/cpp\/wp-json\/wp\/v2\/users\/22"}],"replies":[{"embeddable":true,"href":"https:\/\/gobierno.udd.cl\/cpp\/wp-json\/wp\/v2\/comments?post=6513"}],"version-history":[{"count":1,"href":"https:\/\/gobierno.udd.cl\/cpp\/wp-json\/wp\/v2\/posts\/6513\/revisions"}],"predecessor-version":[{"id":6514,"href":"https:\/\/gobierno.udd.cl\/cpp\/wp-json\/wp\/v2\/posts\/6513\/revisions\/6514"}],"wp:featuredmedia":[{"embeddable":true,"href":"https:\/\/gobierno.udd.cl\/cpp\/wp-json\/wp\/v2\/media\/5939"}],"wp:attachment":[{"href":"https:\/\/gobierno.udd.cl\/cpp\/wp-json\/wp\/v2\/media?parent=6513"}],"wp:term":[{"taxonomy":"category","embeddable":true,"href":"https:\/\/gobierno.udd.cl\/cpp\/wp-json\/wp\/v2\/categories?post=6513"},{"taxonomy":"post_tag","embeddable":true,"href":"https:\/\/gobierno.udd.cl\/cpp\/wp-json\/wp\/v2\/tags?post=6513"}],"curies":[{"name":"wp","href":"https:\/\/api.w.org\/{rel}","templated":true}]}}