{"id":6502,"date":"2022-06-07T10:26:00","date_gmt":"2022-06-07T14:26:00","guid":{"rendered":"http:\/\/gobierno.udd.cl\/cpp\/?p=6502"},"modified":"2022-06-23T10:26:50","modified_gmt":"2022-06-23T14:26:50","slug":"una-relacion-simbiotica-la-tesis-de-jackson-que-condiciona-las-reformas-del-gobierno-al-triunfo-del-apruebo","status":"publish","type":"post","link":"https:\/\/gobierno.udd.cl\/cpp\/noticias\/2022\/06\/07\/una-relacion-simbiotica-la-tesis-de-jackson-que-condiciona-las-reformas-del-gobierno-al-triunfo-del-apruebo\/","title":{"rendered":"\u00bfUna relaci\u00f3n simbi\u00f3tica?: La tesis de Jackson que condiciona las reformas del Gobierno al triunfo del Apruebo"},"content":{"rendered":"\n<p>Expertos, entre ellos, Gonzalo M\u00fcller, director del Centro de Pol\u00edticas P\u00fablicas UDD, analizan los dichos del titular de la Segpres, Giorgio Jackson, quien lig\u00f3 las reformas propuestas por el Ejecutivo a la Constituci\u00f3n. Esto en medio del alza de la aprobaci\u00f3n presidencial y del Apruebo.<\/p>\n\n\n\n<p>&#8230;  Asimismo, el director del Centro de Pol\u00edticas P\u00fablicas de la\u00a0Universidad\u00a0del\u00a0Desarrollo\u00a0(UDD)<strong>,\u00a0Gonzalo\u00a0M\u00fcller<\/strong>, coincidi\u00f3 en que<strong>\u00a0<\/strong><em>\u00abse equivoca el ministro Jackson al vincular, casi como un chantaje, la aprobaci\u00f3n del Plebiscito con la posibilidad de realizar reformas, yo creo que extrema el argumento. Y la pregunta clave es qu\u00e9 reformas que quiere hacer el Gobierno no las puede hacer debido a un cambio constitucional necesario (&#8230;) Solamente queda como un argumento general y m\u00e1s vinculado a la campa\u00f1a del Plebiscito que a la realidad\u00bb.\u00a0<\/em><\/p>\n\n\n\n<h5 class=\"wp-block-heading\">Revisa la nota completa <a href=\"https:\/\/www.emol.com\/noticias\/Nacional\/2022\/06\/07\/1063249\/relacion-gobiernonueva-constitucion.html\"><strong>AQU\u00cd <\/strong><\/a><\/h5>\n","protected":false},"excerpt":{"rendered":"<p>Medio: Emol<\/p>\n","protected":false},"author":22,"featured_media":5979,"comment_status":"open","ping_status":"open","sticky":false,"template":"","format":"standard","meta":{"footnotes":""},"categories":[10162],"tags":[],"class_list":["post-6502","post","type-post","status-publish","format-standard","has-post-thumbnail","hentry","category-centro-en-la-prensa"],"featured_image_url":"https:\/\/gobierno.udd.cl\/cpp\/files\/2020\/12\/logos-medios-3.png","_links":{"self":[{"href":"https:\/\/gobierno.udd.cl\/cpp\/wp-json\/wp\/v2\/posts\/6502","targetHints":{"allow":["GET"]}}],"collection":[{"href":"https:\/\/gobierno.udd.cl\/cpp\/wp-json\/wp\/v2\/posts"}],"about":[{"href":"https:\/\/gobierno.udd.cl\/cpp\/wp-json\/wp\/v2\/types\/post"}],"author":[{"embeddable":true,"href":"https:\/\/gobierno.udd.cl\/cpp\/wp-json\/wp\/v2\/users\/22"}],"replies":[{"embeddable":true,"href":"https:\/\/gobierno.udd.cl\/cpp\/wp-json\/wp\/v2\/comments?post=6502"}],"version-history":[{"count":1,"href":"https:\/\/gobierno.udd.cl\/cpp\/wp-json\/wp\/v2\/posts\/6502\/revisions"}],"predecessor-version":[{"id":6503,"href":"https:\/\/gobierno.udd.cl\/cpp\/wp-json\/wp\/v2\/posts\/6502\/revisions\/6503"}],"wp:featuredmedia":[{"embeddable":true,"href":"https:\/\/gobierno.udd.cl\/cpp\/wp-json\/wp\/v2\/media\/5979"}],"wp:attachment":[{"href":"https:\/\/gobierno.udd.cl\/cpp\/wp-json\/wp\/v2\/media?parent=6502"}],"wp:term":[{"taxonomy":"category","embeddable":true,"href":"https:\/\/gobierno.udd.cl\/cpp\/wp-json\/wp\/v2\/categories?post=6502"},{"taxonomy":"post_tag","embeddable":true,"href":"https:\/\/gobierno.udd.cl\/cpp\/wp-json\/wp\/v2\/tags?post=6502"}],"curies":[{"name":"wp","href":"https:\/\/api.w.org\/{rel}","templated":true}]}}