{"id":6490,"date":"2022-06-15T10:15:00","date_gmt":"2022-06-15T14:15:00","guid":{"rendered":"http:\/\/gobierno.udd.cl\/cpp\/?p=6490"},"modified":"2022-06-23T10:16:27","modified_gmt":"2022-06-23T14:16:27","slug":"programa-directo-al-grano-49","status":"publish","type":"post","link":"https:\/\/gobierno.udd.cl\/cpp\/noticias\/2022\/06\/15\/programa-directo-al-grano-49\/","title":{"rendered":"Programa \u00abDirecto al grano\u00bb"},"content":{"rendered":"\n<h3 class=\"wp-block-heading\">Restituci\u00f3n de derechos a los pueblos ind\u00edgenas<\/h3>\n\n\n<audio class=\"wp-audio-shortcode\" id=\"audio-6490-1\" preload=\"none\" style=\"width: 100%;\" controls=\"controls\"><source type=\"audio\/mpeg\" src=\"https:\/\/conectamedia.s3.amazonaws.com\/62aa03c82eeffa4d4914970b.mp3?_=1\" \/><a href=\"https:\/\/conectamedia.s3.amazonaws.com\/62aa03c82eeffa4d4914970b.mp3\">https:\/\/conectamedia.s3.amazonaws.com\/62aa03c82eeffa4d4914970b.mp3<\/a><\/audio>\n\n\n<h3 class=\"wp-block-heading\">Saludo de despedida<\/h3>\n\n\n<audio class=\"wp-audio-shortcode\" id=\"audio-6490-2\" preload=\"none\" style=\"width: 100%;\" controls=\"controls\"><source type=\"audio\/mpeg\" src=\"https:\/\/conectamedia.s3.amazonaws.com\/62aa0582a734d343c07afab3.mp3?_=2\" \/><a href=\"https:\/\/conectamedia.s3.amazonaws.com\/62aa0582a734d343c07afab3.mp3\">https:\/\/conectamedia.s3.amazonaws.com\/62aa0582a734d343c07afab3.mp3<\/a><\/audio>","protected":false},"excerpt":{"rendered":"<p>Medio: Radio Agricultura<\/p>\n<p>Conduce: Gonzalo M\u00fcller, director del Centro de Pol\u00edticas P\u00fablicas UDD. <\/p>\n<p>Panelista: Rodrigo Arellano, vicedecano de la Facultad de Gobierno UDD. <\/p>\n","protected":false},"author":22,"featured_media":5939,"comment_status":"open","ping_status":"open","sticky":false,"template":"","format":"standard","meta":{"footnotes":""},"categories":[10162],"tags":[],"class_list":["post-6490","post","type-post","status-publish","format-standard","has-post-thumbnail","hentry","category-centro-en-la-prensa"],"featured_image_url":"https:\/\/gobierno.udd.cl\/cpp\/files\/2020\/11\/Dise\u00f1o-sin-t\u00edtulo-12.png","_links":{"self":[{"href":"https:\/\/gobierno.udd.cl\/cpp\/wp-json\/wp\/v2\/posts\/6490","targetHints":{"allow":["GET"]}}],"collection":[{"href":"https:\/\/gobierno.udd.cl\/cpp\/wp-json\/wp\/v2\/posts"}],"about":[{"href":"https:\/\/gobierno.udd.cl\/cpp\/wp-json\/wp\/v2\/types\/post"}],"author":[{"embeddable":true,"href":"https:\/\/gobierno.udd.cl\/cpp\/wp-json\/wp\/v2\/users\/22"}],"replies":[{"embeddable":true,"href":"https:\/\/gobierno.udd.cl\/cpp\/wp-json\/wp\/v2\/comments?post=6490"}],"version-history":[{"count":1,"href":"https:\/\/gobierno.udd.cl\/cpp\/wp-json\/wp\/v2\/posts\/6490\/revisions"}],"predecessor-version":[{"id":6491,"href":"https:\/\/gobierno.udd.cl\/cpp\/wp-json\/wp\/v2\/posts\/6490\/revisions\/6491"}],"wp:featuredmedia":[{"embeddable":true,"href":"https:\/\/gobierno.udd.cl\/cpp\/wp-json\/wp\/v2\/media\/5939"}],"wp:attachment":[{"href":"https:\/\/gobierno.udd.cl\/cpp\/wp-json\/wp\/v2\/media?parent=6490"}],"wp:term":[{"taxonomy":"category","embeddable":true,"href":"https:\/\/gobierno.udd.cl\/cpp\/wp-json\/wp\/v2\/categories?post=6490"},{"taxonomy":"post_tag","embeddable":true,"href":"https:\/\/gobierno.udd.cl\/cpp\/wp-json\/wp\/v2\/tags?post=6490"}],"curies":[{"name":"wp","href":"https:\/\/api.w.org\/{rel}","templated":true}]}}