{"id":6461,"date":"2022-05-25T12:36:00","date_gmt":"2022-05-25T16:36:00","guid":{"rendered":"http:\/\/gobierno.udd.cl\/cpp\/?p=6461"},"modified":"2022-06-01T12:38:08","modified_gmt":"2022-06-01T16:38:08","slug":"programa-directo-al-grano-48","status":"publish","type":"post","link":"https:\/\/gobierno.udd.cl\/cpp\/noticias\/2022\/05\/25\/programa-directo-al-grano-48\/","title":{"rendered":"Programa \u00abDirecto al grano\u00bb"},"content":{"rendered":"\n<h3 class=\"wp-block-heading\">Trabajador muere asesinado en emboscada &#8211; Bloque 1<\/h3>\n\n\n<audio class=\"wp-audio-shortcode\" id=\"audio-6461-1\" preload=\"none\" style=\"width: 100%;\" controls=\"controls\"><source type=\"audio\/mpeg\" src=\"https:\/\/conectamedia.s3.amazonaws.com\/628e60c36fc67500836c6394.mp3?_=1\" \/><a href=\"https:\/\/conectamedia.s3.amazonaws.com\/628e60c36fc67500836c6394.mp3\">https:\/\/conectamedia.s3.amazonaws.com\/628e60c36fc67500836c6394.mp3<\/a><\/audio>\n\n\n<h3 class=\"wp-block-heading\">El rol de las autoridades en seguridad &#8211; Bloque 2<\/h3>\n\n\n<audio class=\"wp-audio-shortcode\" id=\"audio-6461-2\" preload=\"none\" style=\"width: 100%;\" controls=\"controls\"><source type=\"audio\/mpeg\" src=\"https:\/\/conectamedia.s3.amazonaws.com\/628e618fd7fb688ddc309f09.mp3?_=2\" \/><a href=\"https:\/\/conectamedia.s3.amazonaws.com\/628e618fd7fb688ddc309f09.mp3\">https:\/\/conectamedia.s3.amazonaws.com\/628e618fd7fb688ddc309f09.mp3<\/a><\/audio>\n\n\n<h3 class=\"wp-block-heading\">Convencionales de Vamos por Chile exigen hoja de ruta al Gobierno &#8211; Bloque 3<strong><br> <\/strong><\/h3>\n\n\n<audio class=\"wp-audio-shortcode\" id=\"audio-6461-3\" preload=\"none\" style=\"width: 100%;\" controls=\"controls\"><source type=\"audio\/mpeg\" src=\"https:\/\/conectamedia.s3.amazonaws.com\/628e6206a86aa87d250b8b17.mp3?_=3\" \/><a href=\"https:\/\/conectamedia.s3.amazonaws.com\/628e6206a86aa87d250b8b17.mp3\">https:\/\/conectamedia.s3.amazonaws.com\/628e6206a86aa87d250b8b17.mp3<\/a><\/audio>\n\n\n<p><strong><br> <\/strong><\/p>\n","protected":false},"excerpt":{"rendered":"<p>Medio: Radio Agricultura<br \/>\nConduce: Gonzalo M\u00fcller, director del Centro de Pol\u00edticas P\u00fablicas UDD.<br \/>\nPanelista: Rodrigo Arellano, vicedecano Facultad de Gobierno UDD. <\/p>\n","protected":false},"author":22,"featured_media":5939,"comment_status":"open","ping_status":"open","sticky":false,"template":"","format":"standard","meta":{"footnotes":""},"categories":[10162],"tags":[],"class_list":["post-6461","post","type-post","status-publish","format-standard","has-post-thumbnail","hentry","category-centro-en-la-prensa"],"featured_image_url":"https:\/\/gobierno.udd.cl\/cpp\/files\/2020\/11\/Dise\u00f1o-sin-t\u00edtulo-12.png","_links":{"self":[{"href":"https:\/\/gobierno.udd.cl\/cpp\/wp-json\/wp\/v2\/posts\/6461","targetHints":{"allow":["GET"]}}],"collection":[{"href":"https:\/\/gobierno.udd.cl\/cpp\/wp-json\/wp\/v2\/posts"}],"about":[{"href":"https:\/\/gobierno.udd.cl\/cpp\/wp-json\/wp\/v2\/types\/post"}],"author":[{"embeddable":true,"href":"https:\/\/gobierno.udd.cl\/cpp\/wp-json\/wp\/v2\/users\/22"}],"replies":[{"embeddable":true,"href":"https:\/\/gobierno.udd.cl\/cpp\/wp-json\/wp\/v2\/comments?post=6461"}],"version-history":[{"count":2,"href":"https:\/\/gobierno.udd.cl\/cpp\/wp-json\/wp\/v2\/posts\/6461\/revisions"}],"predecessor-version":[{"id":6463,"href":"https:\/\/gobierno.udd.cl\/cpp\/wp-json\/wp\/v2\/posts\/6461\/revisions\/6463"}],"wp:featuredmedia":[{"embeddable":true,"href":"https:\/\/gobierno.udd.cl\/cpp\/wp-json\/wp\/v2\/media\/5939"}],"wp:attachment":[{"href":"https:\/\/gobierno.udd.cl\/cpp\/wp-json\/wp\/v2\/media?parent=6461"}],"wp:term":[{"taxonomy":"category","embeddable":true,"href":"https:\/\/gobierno.udd.cl\/cpp\/wp-json\/wp\/v2\/categories?post=6461"},{"taxonomy":"post_tag","embeddable":true,"href":"https:\/\/gobierno.udd.cl\/cpp\/wp-json\/wp\/v2\/tags?post=6461"}],"curies":[{"name":"wp","href":"https:\/\/api.w.org\/{rel}","templated":true}]}}