{"id":6450,"date":"2022-05-18T12:42:00","date_gmt":"2022-05-18T16:42:00","guid":{"rendered":"http:\/\/gobierno.udd.cl\/cpp\/?p=6450"},"modified":"2022-05-27T12:43:06","modified_gmt":"2022-05-27T16:43:06","slug":"programa-directo-al-grano-47","status":"publish","type":"post","link":"https:\/\/gobierno.udd.cl\/cpp\/noticias\/2022\/05\/18\/programa-directo-al-grano-47\/","title":{"rendered":"Programa \u00abDirecto al grano\u00bb"},"content":{"rendered":"\n<h3 class=\"wp-block-heading\">Comienza estado de excepci\u00f3n en Macrozona Sur &#8211; Bloque 1<\/h3>\n\n\n<audio class=\"wp-audio-shortcode\" id=\"audio-6450-1\" preload=\"none\" style=\"width: 100%;\" controls=\"controls\"><source type=\"audio\/mpeg\" src=\"https:\/\/conectamedia.s3.amazonaws.com\/62851a3bcc585cc2d3d89acb.mp3?_=1\" \/><a href=\"https:\/\/conectamedia.s3.amazonaws.com\/62851a3bcc585cc2d3d89acb.mp3\">https:\/\/conectamedia.s3.amazonaws.com\/62851a3bcc585cc2d3d89acb.mp3<\/a><\/audio>\n\n\n<h3 class=\"wp-block-heading\">Las definiciones de la Convenci\u00f3n Constitucional &#8211; Bloque 2<\/h3>\n\n\n<audio class=\"wp-audio-shortcode\" id=\"audio-6450-2\" preload=\"none\" style=\"width: 100%;\" controls=\"controls\"><source type=\"audio\/mpeg\" src=\"https:\/\/conectamedia.s3.amazonaws.com\/62851f895356565b75d8e6b1.mp3?_=2\" \/><a href=\"https:\/\/conectamedia.s3.amazonaws.com\/62851f895356565b75d8e6b1.mp3\">https:\/\/conectamedia.s3.amazonaws.com\/62851f895356565b75d8e6b1.mp3<\/a><\/audio>\n\n\n<h3 class=\"wp-block-heading\">Cr\u00edticas a la convenci\u00f3n constitucional &#8211; Bloque 3<\/h3>\n\n\n<audio class=\"wp-audio-shortcode\" id=\"audio-6450-3\" preload=\"none\" style=\"width: 100%;\" controls=\"controls\"><source type=\"audio\/mpeg\" src=\"https:\/\/conectamedia.s3.amazonaws.com\/628523917cd985e6fff9f3a5.mp3?_=3\" \/><a href=\"https:\/\/conectamedia.s3.amazonaws.com\/628523917cd985e6fff9f3a5.mp3\">https:\/\/conectamedia.s3.amazonaws.com\/628523917cd985e6fff9f3a5.mp3<\/a><\/audio>\n\n\n<p><strong><br>\n\n<\/strong><\/p>\n\n\n\n<p><strong><br> <\/strong><\/p>\n\n\n\n<p><\/p>\n","protected":false},"excerpt":{"rendered":"<p>Medio: Radio Agricultura<\/p>\n<p>Conduce: Gonzalo M\u00fcller, director del Centro de Pol\u00edticas P\u00fablicas UDD.<br \/>\nPanelista: Rodrigo Arellano, vicedecano de la Facultad de Gobierno UDD. <\/p>\n","protected":false},"author":22,"featured_media":5939,"comment_status":"open","ping_status":"open","sticky":false,"template":"","format":"standard","meta":{"footnotes":""},"categories":[10162],"tags":[],"class_list":["post-6450","post","type-post","status-publish","format-standard","has-post-thumbnail","hentry","category-centro-en-la-prensa"],"featured_image_url":"https:\/\/gobierno.udd.cl\/cpp\/files\/2020\/11\/Dise\u00f1o-sin-t\u00edtulo-12.png","_links":{"self":[{"href":"https:\/\/gobierno.udd.cl\/cpp\/wp-json\/wp\/v2\/posts\/6450","targetHints":{"allow":["GET"]}}],"collection":[{"href":"https:\/\/gobierno.udd.cl\/cpp\/wp-json\/wp\/v2\/posts"}],"about":[{"href":"https:\/\/gobierno.udd.cl\/cpp\/wp-json\/wp\/v2\/types\/post"}],"author":[{"embeddable":true,"href":"https:\/\/gobierno.udd.cl\/cpp\/wp-json\/wp\/v2\/users\/22"}],"replies":[{"embeddable":true,"href":"https:\/\/gobierno.udd.cl\/cpp\/wp-json\/wp\/v2\/comments?post=6450"}],"version-history":[{"count":1,"href":"https:\/\/gobierno.udd.cl\/cpp\/wp-json\/wp\/v2\/posts\/6450\/revisions"}],"predecessor-version":[{"id":6451,"href":"https:\/\/gobierno.udd.cl\/cpp\/wp-json\/wp\/v2\/posts\/6450\/revisions\/6451"}],"wp:featuredmedia":[{"embeddable":true,"href":"https:\/\/gobierno.udd.cl\/cpp\/wp-json\/wp\/v2\/media\/5939"}],"wp:attachment":[{"href":"https:\/\/gobierno.udd.cl\/cpp\/wp-json\/wp\/v2\/media?parent=6450"}],"wp:term":[{"taxonomy":"category","embeddable":true,"href":"https:\/\/gobierno.udd.cl\/cpp\/wp-json\/wp\/v2\/categories?post=6450"},{"taxonomy":"post_tag","embeddable":true,"href":"https:\/\/gobierno.udd.cl\/cpp\/wp-json\/wp\/v2\/tags?post=6450"}],"curies":[{"name":"wp","href":"https:\/\/api.w.org\/{rel}","templated":true}]}}