{"id":6433,"date":"2022-05-11T13:22:00","date_gmt":"2022-05-11T17:22:00","guid":{"rendered":"http:\/\/gobierno.udd.cl\/cpp\/?p=6433"},"modified":"2022-05-18T13:23:55","modified_gmt":"2022-05-18T17:23:55","slug":"programa-directo-al-grano-46","status":"publish","type":"post","link":"https:\/\/gobierno.udd.cl\/cpp\/noticias\/2022\/05\/11\/programa-directo-al-grano-46\/","title":{"rendered":"Programa \u00abDirecto al grano\u00bb"},"content":{"rendered":"\n<h3 class=\"wp-block-heading\">Debate por propuesta de estado intermedio &#8211; Bloque 1<\/h3>\n\n\n<audio class=\"wp-audio-shortcode\" id=\"audio-6433-1\" preload=\"none\" style=\"width: 100%;\" controls=\"controls\"><source type=\"audio\/mpeg\" src=\"https:\/\/conectamedia.s3.amazonaws.com\/627bd87d5f0767f9c096d147.mp3?_=1\" \/><a href=\"https:\/\/conectamedia.s3.amazonaws.com\/627bd87d5f0767f9c096d147.mp3\">https:\/\/conectamedia.s3.amazonaws.com\/627bd87d5f0767f9c096d147.mp3<\/a><\/audio>\n\n\n<h3 class=\"wp-block-heading\">Los problemas de seguridad que hay en Chile &#8211; Bloque 2<\/h3>\n\n\n<audio class=\"wp-audio-shortcode\" id=\"audio-6433-2\" preload=\"none\" style=\"width: 100%;\" controls=\"controls\"><source type=\"audio\/mpeg\" src=\"https:\/\/conectamedia.s3.amazonaws.com\/627bdfbb4aad44accad50550.mp3?_=2\" \/><a href=\"https:\/\/conectamedia.s3.amazonaws.com\/627bdfbb4aad44accad50550.mp3\">https:\/\/conectamedia.s3.amazonaws.com\/627bdfbb4aad44accad50550.mp3<\/a><\/audio>\n\n\n<h3 class=\"wp-block-heading\">La crisis de seguridad en Chile &#8211; Bloque 3<\/h3>\n\n\n<audio class=\"wp-audio-shortcode\" id=\"audio-6433-3\" preload=\"none\" style=\"width: 100%;\" controls=\"controls\"><source type=\"audio\/mpeg\" src=\"https:\/\/conectamedia.s3.amazonaws.com\/627be17a5f0767f9c096d52b.mp3?_=3\" \/><a href=\"https:\/\/conectamedia.s3.amazonaws.com\/627be17a5f0767f9c096d52b.mp3\">https:\/\/conectamedia.s3.amazonaws.com\/627be17a5f0767f9c096d52b.mp3<\/a><\/audio>","protected":false},"excerpt":{"rendered":"<p>Medio: Radio Agricultura<br \/>\nConduce: Gonzalo M\u00fcller, director Centro de Pol\u00edticas P\u00fablicas UDD.<br \/>\nPanelista: Rodrigo Arellano, vicedecano de la Facultad de Gobierno UDD<\/p>\n","protected":false},"author":22,"featured_media":5939,"comment_status":"open","ping_status":"open","sticky":false,"template":"","format":"standard","meta":{"footnotes":""},"categories":[10162],"tags":[],"class_list":["post-6433","post","type-post","status-publish","format-standard","has-post-thumbnail","hentry","category-centro-en-la-prensa"],"featured_image_url":"https:\/\/gobierno.udd.cl\/cpp\/files\/2020\/11\/Dise\u00f1o-sin-t\u00edtulo-12.png","_links":{"self":[{"href":"https:\/\/gobierno.udd.cl\/cpp\/wp-json\/wp\/v2\/posts\/6433","targetHints":{"allow":["GET"]}}],"collection":[{"href":"https:\/\/gobierno.udd.cl\/cpp\/wp-json\/wp\/v2\/posts"}],"about":[{"href":"https:\/\/gobierno.udd.cl\/cpp\/wp-json\/wp\/v2\/types\/post"}],"author":[{"embeddable":true,"href":"https:\/\/gobierno.udd.cl\/cpp\/wp-json\/wp\/v2\/users\/22"}],"replies":[{"embeddable":true,"href":"https:\/\/gobierno.udd.cl\/cpp\/wp-json\/wp\/v2\/comments?post=6433"}],"version-history":[{"count":1,"href":"https:\/\/gobierno.udd.cl\/cpp\/wp-json\/wp\/v2\/posts\/6433\/revisions"}],"predecessor-version":[{"id":6434,"href":"https:\/\/gobierno.udd.cl\/cpp\/wp-json\/wp\/v2\/posts\/6433\/revisions\/6434"}],"wp:featuredmedia":[{"embeddable":true,"href":"https:\/\/gobierno.udd.cl\/cpp\/wp-json\/wp\/v2\/media\/5939"}],"wp:attachment":[{"href":"https:\/\/gobierno.udd.cl\/cpp\/wp-json\/wp\/v2\/media?parent=6433"}],"wp:term":[{"taxonomy":"category","embeddable":true,"href":"https:\/\/gobierno.udd.cl\/cpp\/wp-json\/wp\/v2\/categories?post=6433"},{"taxonomy":"post_tag","embeddable":true,"href":"https:\/\/gobierno.udd.cl\/cpp\/wp-json\/wp\/v2\/tags?post=6433"}],"curies":[{"name":"wp","href":"https:\/\/api.w.org\/{rel}","templated":true}]}}