{"id":6410,"date":"2022-04-18T15:15:00","date_gmt":"2022-04-18T19:15:00","guid":{"rendered":"http:\/\/gobierno.udd.cl\/cpp\/?p=6410"},"modified":"2022-04-27T15:16:08","modified_gmt":"2022-04-27T19:16:08","slug":"aumenta-desaprobacion-al-presidente-boric","status":"publish","type":"post","link":"https:\/\/gobierno.udd.cl\/cpp\/noticias\/2022\/04\/18\/aumenta-desaprobacion-al-presidente-boric\/","title":{"rendered":"Aumenta desaprobaci\u00f3n al Presidente Boric"},"content":{"rendered":"<div style=\"width: 640px;\" class=\"wp-video\"><video class=\"wp-video-shortcode\" id=\"video-6410-1\" width=\"640\" height=\"360\" preload=\"metadata\" controls=\"controls\"><source type=\"video\/mp4\" src=\"https:\/\/conectamedia.s3.amazonaws.com\/625e1786bff64e95eafdc56f.mp4?_=1\" \/><a href=\"https:\/\/conectamedia.s3.amazonaws.com\/625e1786bff64e95eafdc56f.mp4\">https:\/\/conectamedia.s3.amazonaws.com\/625e1786bff64e95eafdc56f.mp4<\/a><\/video><\/div>\n","protected":false},"excerpt":{"rendered":"<p>Medio: CNN<br \/>\nEntrevista a Gonzalo M\u00fcller, director del Centro de Pol\u00edticas P\u00fablicas UDD<\/p>\n","protected":false},"author":22,"featured_media":5951,"comment_status":"open","ping_status":"open","sticky":false,"template":"","format":"standard","meta":{"footnotes":""},"categories":[10162],"tags":[],"class_list":["post-6410","post","type-post","status-publish","format-standard","has-post-thumbnail","hentry","category-centro-en-la-prensa"],"featured_image_url":"https:\/\/gobierno.udd.cl\/cpp\/files\/2020\/10\/Dise\u00f1o-sin-t\u00edtulo-17.png","_links":{"self":[{"href":"https:\/\/gobierno.udd.cl\/cpp\/wp-json\/wp\/v2\/posts\/6410","targetHints":{"allow":["GET"]}}],"collection":[{"href":"https:\/\/gobierno.udd.cl\/cpp\/wp-json\/wp\/v2\/posts"}],"about":[{"href":"https:\/\/gobierno.udd.cl\/cpp\/wp-json\/wp\/v2\/types\/post"}],"author":[{"embeddable":true,"href":"https:\/\/gobierno.udd.cl\/cpp\/wp-json\/wp\/v2\/users\/22"}],"replies":[{"embeddable":true,"href":"https:\/\/gobierno.udd.cl\/cpp\/wp-json\/wp\/v2\/comments?post=6410"}],"version-history":[{"count":1,"href":"https:\/\/gobierno.udd.cl\/cpp\/wp-json\/wp\/v2\/posts\/6410\/revisions"}],"predecessor-version":[{"id":6411,"href":"https:\/\/gobierno.udd.cl\/cpp\/wp-json\/wp\/v2\/posts\/6410\/revisions\/6411"}],"wp:featuredmedia":[{"embeddable":true,"href":"https:\/\/gobierno.udd.cl\/cpp\/wp-json\/wp\/v2\/media\/5951"}],"wp:attachment":[{"href":"https:\/\/gobierno.udd.cl\/cpp\/wp-json\/wp\/v2\/media?parent=6410"}],"wp:term":[{"taxonomy":"category","embeddable":true,"href":"https:\/\/gobierno.udd.cl\/cpp\/wp-json\/wp\/v2\/categories?post=6410"},{"taxonomy":"post_tag","embeddable":true,"href":"https:\/\/gobierno.udd.cl\/cpp\/wp-json\/wp\/v2\/tags?post=6410"}],"curies":[{"name":"wp","href":"https:\/\/api.w.org\/{rel}","templated":true}]}}