{"id":6398,"date":"2022-04-06T12:27:00","date_gmt":"2022-04-06T16:27:00","guid":{"rendered":"http:\/\/gobierno.udd.cl\/cpp\/?p=6398"},"modified":"2022-04-18T12:28:39","modified_gmt":"2022-04-18T16:28:39","slug":"programa-directo-al-grano-41","status":"publish","type":"post","link":"https:\/\/gobierno.udd.cl\/cpp\/noticias\/2022\/04\/06\/programa-directo-al-grano-41\/","title":{"rendered":"Programa \u00abDirecto al grano\u00bb"},"content":{"rendered":"\n<h3 class=\"wp-block-heading\">Anuncian plebiscito de salida &#8211; Bloque 1<\/h3>\n\n\n<audio class=\"wp-audio-shortcode\" id=\"audio-6398-1\" preload=\"none\" style=\"width: 100%;\" controls=\"controls\"><source type=\"audio\/mpeg\" src=\"https:\/\/conectamedia.s3.amazonaws.com\/624dcaf9ae03133588a37ed2.mp3?_=1\" \/><a href=\"https:\/\/conectamedia.s3.amazonaws.com\/624dcaf9ae03133588a37ed2.mp3\">https:\/\/conectamedia.s3.amazonaws.com\/624dcaf9ae03133588a37ed2.mp3<\/a><\/audio>\n\n\n<h3 class=\"wp-block-heading\">Crece desaprobaci\u00f3n a la Convenci\u00f3n Constitucional &#8211; Bloque 2<\/h3>\n\n\n<audio class=\"wp-audio-shortcode\" id=\"audio-6398-2\" preload=\"none\" style=\"width: 100%;\" controls=\"controls\"><source type=\"audio\/mpeg\" src=\"https:\/\/conectamedia.s3.amazonaws.com\/624dcbde86524cbfbcf90a00.mp3?_=2\" \/><a href=\"https:\/\/conectamedia.s3.amazonaws.com\/624dcbde86524cbfbcf90a00.mp3\">https:\/\/conectamedia.s3.amazonaws.com\/624dcbde86524cbfbcf90a00.mp3<\/a><\/audio>\n\n\n<h3 class=\"wp-block-heading\">Gabriel Boric se refiere a la Convenci\u00f3n Constitucional &#8211; Bloque 3<\/h3>\n\n\n<audio class=\"wp-audio-shortcode\" id=\"audio-6398-3\" preload=\"none\" style=\"width: 100%;\" controls=\"controls\"><source type=\"audio\/mpeg\" src=\"https:\/\/conectamedia.s3.amazonaws.com\/624dcd12ae03133588a37f44.mp3?_=3\" \/><a href=\"https:\/\/conectamedia.s3.amazonaws.com\/624dcd12ae03133588a37f44.mp3\">https:\/\/conectamedia.s3.amazonaws.com\/624dcd12ae03133588a37f44.mp3<\/a><\/audio>\n\n\n<p><strong><br>\n\n<\/strong><\/p>\n","protected":false},"excerpt":{"rendered":"<p>Medio: Radio Agricultura.<br \/>\nConduce: Gonzalo M\u00fcller, director del Centro de Pol\u00edticas P\u00fablicas UDD.<br \/>\nInvitado: Rodrigo Arellano, vicedecano Facultad de Gobierno UDD. <\/p>\n","protected":false},"author":22,"featured_media":5939,"comment_status":"open","ping_status":"open","sticky":false,"template":"","format":"standard","meta":{"footnotes":""},"categories":[10162],"tags":[],"class_list":["post-6398","post","type-post","status-publish","format-standard","has-post-thumbnail","hentry","category-centro-en-la-prensa"],"featured_image_url":"https:\/\/gobierno.udd.cl\/cpp\/files\/2020\/11\/Dise\u00f1o-sin-t\u00edtulo-12.png","_links":{"self":[{"href":"https:\/\/gobierno.udd.cl\/cpp\/wp-json\/wp\/v2\/posts\/6398","targetHints":{"allow":["GET"]}}],"collection":[{"href":"https:\/\/gobierno.udd.cl\/cpp\/wp-json\/wp\/v2\/posts"}],"about":[{"href":"https:\/\/gobierno.udd.cl\/cpp\/wp-json\/wp\/v2\/types\/post"}],"author":[{"embeddable":true,"href":"https:\/\/gobierno.udd.cl\/cpp\/wp-json\/wp\/v2\/users\/22"}],"replies":[{"embeddable":true,"href":"https:\/\/gobierno.udd.cl\/cpp\/wp-json\/wp\/v2\/comments?post=6398"}],"version-history":[{"count":2,"href":"https:\/\/gobierno.udd.cl\/cpp\/wp-json\/wp\/v2\/posts\/6398\/revisions"}],"predecessor-version":[{"id":6400,"href":"https:\/\/gobierno.udd.cl\/cpp\/wp-json\/wp\/v2\/posts\/6398\/revisions\/6400"}],"wp:featuredmedia":[{"embeddable":true,"href":"https:\/\/gobierno.udd.cl\/cpp\/wp-json\/wp\/v2\/media\/5939"}],"wp:attachment":[{"href":"https:\/\/gobierno.udd.cl\/cpp\/wp-json\/wp\/v2\/media?parent=6398"}],"wp:term":[{"taxonomy":"category","embeddable":true,"href":"https:\/\/gobierno.udd.cl\/cpp\/wp-json\/wp\/v2\/categories?post=6398"},{"taxonomy":"post_tag","embeddable":true,"href":"https:\/\/gobierno.udd.cl\/cpp\/wp-json\/wp\/v2\/tags?post=6398"}],"curies":[{"name":"wp","href":"https:\/\/api.w.org\/{rel}","templated":true}]}}